{"id":9820,"date":"2008-06-10T14:24:04","date_gmt":"2008-06-10T12:24:04","guid":{"rendered":"http:\/\/www.schoene-nachrichten.de\/?p=9820"},"modified":"2008-06-10T14:24:04","modified_gmt":"2008-06-10T12:24:04","slug":"caritas-baut-in-fulda-seniorenwohnanlage","status":"publish","type":"post","link":"https:\/\/www.fuldaernachrichten.de\/?p=9820","title":{"rendered":"Caritas baut in Fulda Seniorenwohnanlage"},"content":{"rendered":"<p><strong>Fulda.<\/strong> Wohnen kommt bei Menschen h\u00f6heren Alters immer gr\u00f6\u00dfere Bedeutung zu \u2013 vor allem dann, wenn die Mobilit\u00e4t eingeschr\u00e4nkt ist und sich das Leben verst\u00e4rkt auf das unmittelbare nachbarschaftliche Umfeld konzentriert. Wenn im Alter jedoch die selbst\u00e4ndige Lebensf\u00fchrung in den eigenen vier W\u00e4nden nur noch unter Schwierigkeiten bew\u00e4ltigt werden kann, bietet sich als L\u00f6sung so genanntes betreutes Wohnen in speziell daf\u00fcr errichteten Seniorenwohneinrichtungen an, um Selbst\u00e4ndigkeit und selbstbestimmtes Leben f\u00fcr \u00e4ltere Menschen so lange wie m\u00f6glich zu sichern.<!--more--><br \/>\nDer Caritasverband f\u00fcr die Di\u00f6zese Fulda will seine Altenpflegeheime und das ambulante Pflegeangebot der Regionalcaritasverb\u00e4nde mit ihren Sozialstationen durch den Bau von Seniorenwohnanlagen an ausgesuchten Standorten erg\u00e4nzen: Hier in Fulda soll dementsprechend \u2013 zus\u00e4tzlich zu der bereits bestehenden Seniorenwohnanlage am Dom in der Kanalstra\u00dfe \u2013 gleich neben dem Altenpflegeheim St. Josef in der Buseckstra\u00dfe eine neue Seniorenwohnanlage \u201eHaus Maria\u201c entstehen.<\/p>\n<p>Bei einem Pressetermin stellte die Caritas das Projekt jetzt vor, f\u00fcr das im September der Spatenstich erfolgen soll. Auf dem Grundst\u00fcck unmittelbar neben dem Altenpflegeheim \u201eSt Josef\u201c und vis-a-vis des katholischen Kindergartens der Stadtpfarrei \u201eSt. Blasius\u201c entstehen ab dem Herbst 22 seniorengerechte und barrierefreie Wohnungen sowie eine B\u00fcroeinheit f\u00fcr Beratungsgespr\u00e4che, die der Caritasverband f\u00fcr Stadt und Landkreis Fulda unterhalten wird.<\/p>\n<p>Alle Wohnungen in der geplanten Anlage sind behindertengerecht und verf\u00fcgen mit zwischen 45 und 57 Quadratmetern Wohnfl\u00e4che \u00fcber Wohn-\/ Schlafzimmer, K\u00fcche und Bad\/WC. Teilweise sind die Wohnungen mit \u00f6ffentlichen Mitteln gef\u00f6rdert \u2013 die sp\u00e4teren Mieter ben\u00f6tigen dann einen so genannten Wohnberechtigungsschein der Stadt Fulda. Weitere Wohneinheiten sind aber frei finanziert und k\u00f6nnen damit von Jedermann angemietet werden. Genaue Informationen zu den entstehenden Seniorenwohnungen und zu den Konditionen erhalten Interessierte bei der Caritas unter Tel. 0661\/2428-220.<\/p>\n<p>Damit die sp\u00e4teren Mieter nach ihrem Einzug im Haus Maria \u2013 voraussichtlich um den Jahreswechsel\u00c2\u00a0 2009\/2010 \u2013 schnell heimisch werden und sich rundum wohl f\u00fchlen, k\u00f6nnen sie auf eine Reihe von Angeboten der Caritas zur\u00fcckgreifen. So dient das B\u00fcro in der Seniorenwohnanlage speziell auch der Beratung, wenn die Senioren Unterst\u00fctzung ben\u00f6tigen. Im benachbarten Altenpflegeheim k\u00f6nnen auf Wunsch Mahlzeiten eingenommen werden, und die Veranstaltungen und Freizeitangebote f\u00fcr die Heimbewohner stehen auch den Bewohnern der Seniorenanlage offen.<\/p>\n<p>Auch kleine hausmeisterlichen Dienstleistungen k\u00f6nnen \u00fcber die Verwaltung des Pflegeheims \u201eSt. Josef\u201c\u00c2\u00a0 abgerufen werden. F\u00fcr notwendige Pflegeleistungen kann \u00fcber das Caritas-Beratungsb\u00fcro direkt im Hause der ambulante Pflegedienst geordert werden. (cif)<\/p>\n","protected":false},"excerpt":{"rendered":"<div class=\"tmnf_excerpt\"><p>Fulda. Wohnen kommt bei Menschen h\u00f6heren Alters immer gr\u00f6\u00dfere Bedeutung zu \u2013 vor allem dann, wenn die Mobilit\u00e4t eingeschr\u00e4nkt ist und sich das Leben verst\u00e4rkt auf das unmittelbare nachbarschaftliche Umfeld konzentriert. Wenn im Alter jedoch die selbst\u00e4ndige Lebensf\u00fchrung in den eigenen vier W\u00e4nden nur noch unter Schwierigkeiten bew\u00e4ltigt werden kann, bietet sich als L\u00f6sung so &hellip;<\/p>\n<\/div>","protected":false},"author":1,"featured_media":0,"comment_status":"closed","ping_status":"closed","sticky":false,"template":"","format":"standard","meta":{"footnotes":""},"categories":[1,50],"tags":[],"class_list":["post-9820","post","type-post","status-publish","format-standard","hentry","category-startseite","category-kirche"],"_links":{"self":[{"href":"https:\/\/www.fuldaernachrichten.de\/index.php?rest_route=\/wp\/v2\/posts\/9820","targetHints":{"allow":["GET"]}}],"collection":[{"href":"https:\/\/www.fuldaernachrichten.de\/index.php?rest_route=\/wp\/v2\/posts"}],"about":[{"href":"https:\/\/www.fuldaernachrichten.de\/index.php?rest_route=\/wp\/v2\/types\/post"}],"author":[{"embeddable":true,"href":"https:\/\/www.fuldaernachrichten.de\/index.php?rest_route=\/wp\/v2\/users\/1"}],"replies":[{"embeddable":true,"href":"https:\/\/www.fuldaernachrichten.de\/index.php?rest_route=%2Fwp%2Fv2%2Fcomments&post=9820"}],"version-history":[{"count":0,"href":"https:\/\/www.fuldaernachrichten.de\/index.php?rest_route=\/wp\/v2\/posts\/9820\/revisions"}],"wp:attachment":[{"href":"https:\/\/www.fuldaernachrichten.de\/index.php?rest_route=%2Fwp%2Fv2%2Fmedia&parent=9820"}],"wp:term":[{"taxonomy":"category","embeddable":true,"href":"https:\/\/www.fuldaernachrichten.de\/index.php?rest_route=%2Fwp%2Fv2%2Fcategories&post=9820"},{"taxonomy":"post_tag","embeddable":true,"href":"https:\/\/www.fuldaernachrichten.de\/index.php?rest_route=%2Fwp%2Fv2%2Ftags&post=9820"}],"curies":[{"name":"wp","href":"https:\/\/api.w.org\/{rel}","templated":true}]}}