{"id":98147,"date":"2012-05-09T00:12:59","date_gmt":"2012-05-09T00:12:59","guid":{"rendered":"http:\/\/www.fuldaer-nachrichten.de\/?p=98147"},"modified":"2012-05-09T12:06:30","modified_gmt":"2012-05-09T12:06:30","slug":"prof-dr-stefanie-deinert-ist-neue-professorin-am-fachbereich-wirtschaft","status":"publish","type":"post","link":"https:\/\/www.fuldaernachrichten.de\/?p=98147","title":{"rendered":"Prof. Dr. Stefanie Deinert ist neue Professorin am Fachbereich Wirtschaft"},"content":{"rendered":"<p><a href=\"http:\/\/www.fuldaer-nachrichten.de\/wp-content\/uploads\/2012\/05\/neuer-prof-w-deinert.jpg\"><img fetchpriority=\"high\" decoding=\"async\" class=\"alignleft size-thumbnail wp-image-98148\" title=\"neuer prof w-deinert\" src=\"http:\/\/www.fuldaer-nachrichten.de\/wp-content\/uploads\/2012\/05\/neuer-prof-w-deinert-265x355.jpg\" alt=\"\" width=\"265\" height=\"355\" srcset=\"https:\/\/www.fuldaernachrichten.de\/wp-content\/uploads\/2012\/05\/neuer-prof-w-deinert-265x355.jpg 265w, https:\/\/www.fuldaernachrichten.de\/wp-content\/uploads\/2012\/05\/neuer-prof-w-deinert-197x265.jpg 197w, https:\/\/www.fuldaernachrichten.de\/wp-content\/uploads\/2012\/05\/neuer-prof-w-deinert.jpg 476w\" sizes=\"(max-width: 265px) 100vw, 265px\" \/><\/a>Fulda. Dr. Stefanie Deinert wurde als Professorin f\u00fcr Wirtschaftsrecht, insbesondere Arbeitsrecht, Gesellschaftsrecht, Internationales Privatrecht und Rechtsvergleichung berufen. Nach dem Studium der Rechtswissenschaft an der FU-Berlin sowie Referendariat und Promotion in Berlin war die geb\u00fcrtige Berlinerin (Jahrgang 1968) \u00fcber mehrere Jahre als Rechtsanw\u00e4ltin in Berlin mit den Schwerpunkten Arbeits- und Sozialrecht, Gesellschaftrecht sowie im Wohnungseigentumsrecht t\u00e4tig. Insbesondere in Fragen der Gestaltung flexibler Arbeitszeitmodelle und Arbeitszeitkonten sowie der Unternehmensnachfolge und Unternehmensumstrukturierung beriet sie vor allem regional wie auch international agierende KMU (Kleine und mittlere Unternehmen).<\/p>\n<p>Als Referentin in der Rechtsanwaltsfortbildung sowie als Lehrbeauftragte an verschiedenen Hochschulen in Berlin engagierte sich Dr. Deinert in Lehre und Fortbildung. Ihr Forschungsinteresse liegt vor allem im Bereich der Flexibilisierung von Arbeitsbedingungen mit dem Fokus auf der Frage, wie Arbeitsverh\u00e4ltnisse in der Praxis vor allem in KMU sozial nachhaltig gestaltet werden k\u00f6nnen.<\/p>\n","protected":false},"excerpt":{"rendered":"<div class=\"tmnf_excerpt\"><p>Fulda. Dr. Stefanie Deinert wurde als Professorin f\u00fcr Wirtschaftsrecht, insbesondere Arbeitsrecht, Gesellschaftsrecht, Internationales Privatrecht und Rechtsvergleichung berufen. Nach dem Studium der Rechtswissenschaft an der FU-Berlin sowie Referendariat und Promotion in Berlin war die geb\u00fcrtige Berlinerin (Jahrgang 1968) \u00fcber mehrere Jahre als Rechtsanw\u00e4ltin in Berlin mit den Schwerpunkten Arbeits- und Sozialrecht, Gesellschaftrecht sowie im Wohnungseigentumsrecht t\u00e4tig. &hellip;<\/p>\n<\/div>","protected":false},"author":1,"featured_media":0,"comment_status":"closed","ping_status":"closed","sticky":false,"template":"","format":"standard","meta":{"footnotes":""},"categories":[1,53,48],"tags":[],"class_list":["post-98147","post","type-post","status-publish","format-standard","hentry","category-startseite","category-bildung","category-forschung"],"_links":{"self":[{"href":"https:\/\/www.fuldaernachrichten.de\/index.php?rest_route=\/wp\/v2\/posts\/98147","targetHints":{"allow":["GET"]}}],"collection":[{"href":"https:\/\/www.fuldaernachrichten.de\/index.php?rest_route=\/wp\/v2\/posts"}],"about":[{"href":"https:\/\/www.fuldaernachrichten.de\/index.php?rest_route=\/wp\/v2\/types\/post"}],"author":[{"embeddable":true,"href":"https:\/\/www.fuldaernachrichten.de\/index.php?rest_route=\/wp\/v2\/users\/1"}],"replies":[{"embeddable":true,"href":"https:\/\/www.fuldaernachrichten.de\/index.php?rest_route=%2Fwp%2Fv2%2Fcomments&post=98147"}],"version-history":[{"count":0,"href":"https:\/\/www.fuldaernachrichten.de\/index.php?rest_route=\/wp\/v2\/posts\/98147\/revisions"}],"wp:attachment":[{"href":"https:\/\/www.fuldaernachrichten.de\/index.php?rest_route=%2Fwp%2Fv2%2Fmedia&parent=98147"}],"wp:term":[{"taxonomy":"category","embeddable":true,"href":"https:\/\/www.fuldaernachrichten.de\/index.php?rest_route=%2Fwp%2Fv2%2Fcategories&post=98147"},{"taxonomy":"post_tag","embeddable":true,"href":"https:\/\/www.fuldaernachrichten.de\/index.php?rest_route=%2Fwp%2Fv2%2Ftags&post=98147"}],"curies":[{"name":"wp","href":"https:\/\/api.w.org\/{rel}","templated":true}]}}