{"id":9808,"date":"2008-06-10T00:52:18","date_gmt":"2008-06-09T22:52:18","guid":{"rendered":"http:\/\/www.schoene-nachrichten.de\/?p=9808"},"modified":"2008-06-09T23:22:24","modified_gmt":"2008-06-09T21:22:24","slug":"italienisch-intensivkurs-in-sommerferien","status":"publish","type":"post","link":"https:\/\/www.fuldaernachrichten.de\/?p=9808","title":{"rendered":"Italienisch-Intensivkurs in Sommerferien"},"content":{"rendered":"<p><strong>Fulda. <\/strong>In den Sommerferien bietet die Volkshochschule des Landkreises Fulda in der Zeit vom 14. bis 18. Juli einen Italienisch-Intensivkurs f\u00fcr Teilnehmer mit Vorkenntnissen an. Der Kurs findet t\u00e4glich in der Zeit von 14 bis 17 Uhr unter der Leitung von Frau G\u00fcnkel-Kohl in Fulda, Georg-Stieler-Haus, Gallasiniring 1 statt. Informationen und Anmeldungen bitte bei der vhs des Landkreises, Gallasiniring 30, 36043 Fulda, Tel. 0661\/25199-0, oder unter www.vhs-fulda.de.<\/p>\n","protected":false},"excerpt":{"rendered":"<div class=\"tmnf_excerpt\"><p>Fulda. In den Sommerferien bietet die Volkshochschule des Landkreises Fulda in der Zeit vom 14. bis 18. Juli einen Italienisch-Intensivkurs f\u00fcr Teilnehmer mit Vorkenntnissen an. Der Kurs findet t\u00e4glich in der Zeit von 14 bis 17 Uhr unter der Leitung von Frau G\u00fcnkel-Kohl in Fulda, Georg-Stieler-Haus, Gallasiniring 1 statt. Informationen und Anmeldungen bitte bei der &hellip;<\/p>\n<\/div>","protected":false},"author":1,"featured_media":0,"comment_status":"closed","ping_status":"closed","sticky":false,"template":"","format":"standard","meta":{"footnotes":""},"categories":[1,53],"tags":[],"class_list":["post-9808","post","type-post","status-publish","format-standard","hentry","category-startseite","category-bildung"],"_links":{"self":[{"href":"https:\/\/www.fuldaernachrichten.de\/index.php?rest_route=\/wp\/v2\/posts\/9808","targetHints":{"allow":["GET"]}}],"collection":[{"href":"https:\/\/www.fuldaernachrichten.de\/index.php?rest_route=\/wp\/v2\/posts"}],"about":[{"href":"https:\/\/www.fuldaernachrichten.de\/index.php?rest_route=\/wp\/v2\/types\/post"}],"author":[{"embeddable":true,"href":"https:\/\/www.fuldaernachrichten.de\/index.php?rest_route=\/wp\/v2\/users\/1"}],"replies":[{"embeddable":true,"href":"https:\/\/www.fuldaernachrichten.de\/index.php?rest_route=%2Fwp%2Fv2%2Fcomments&post=9808"}],"version-history":[{"count":0,"href":"https:\/\/www.fuldaernachrichten.de\/index.php?rest_route=\/wp\/v2\/posts\/9808\/revisions"}],"wp:attachment":[{"href":"https:\/\/www.fuldaernachrichten.de\/index.php?rest_route=%2Fwp%2Fv2%2Fmedia&parent=9808"}],"wp:term":[{"taxonomy":"category","embeddable":true,"href":"https:\/\/www.fuldaernachrichten.de\/index.php?rest_route=%2Fwp%2Fv2%2Fcategories&post=9808"},{"taxonomy":"post_tag","embeddable":true,"href":"https:\/\/www.fuldaernachrichten.de\/index.php?rest_route=%2Fwp%2Fv2%2Ftags&post=9808"}],"curies":[{"name":"wp","href":"https:\/\/api.w.org\/{rel}","templated":true}]}}