{"id":97883,"date":"2012-05-04T00:12:06","date_gmt":"2012-05-04T00:12:06","guid":{"rendered":"http:\/\/www.fuldaer-nachrichten.de\/?p=97883"},"modified":"2012-05-03T09:54:36","modified_gmt":"2012-05-03T09:54:36","slug":"julia-roeschies-wird-hauptamtliche-geschaftsfuhrerin-des-kreisfeuerwehrverbands","status":"publish","type":"post","link":"https:\/\/www.fuldaernachrichten.de\/?p=97883","title":{"rendered":"Julia Roeschies wird hauptamtliche Gesch\u00e4ftsf\u00fchrerin des Kreisfeuerwehrverbands"},"content":{"rendered":"<p><a href=\"http:\/\/www.fuldaer-nachrichten.de\/wp-content\/uploads\/2012\/05\/P1120156.jpg\"><img fetchpriority=\"high\" decoding=\"async\" class=\"alignleft size-thumbnail wp-image-97884\" title=\"P1120156\" src=\"http:\/\/www.fuldaer-nachrichten.de\/wp-content\/uploads\/2012\/05\/P1120156-265x370.jpg\" alt=\"\" width=\"265\" height=\"370\" srcset=\"https:\/\/www.fuldaernachrichten.de\/wp-content\/uploads\/2012\/05\/P1120156-265x370.jpg 265w, https:\/\/www.fuldaernachrichten.de\/wp-content\/uploads\/2012\/05\/P1120156-189x265.jpg 189w, https:\/\/www.fuldaernachrichten.de\/wp-content\/uploads\/2012\/05\/P1120156-429x600.jpg 429w, https:\/\/www.fuldaernachrichten.de\/wp-content\/uploads\/2012\/05\/P1120156.jpg 600w\" sizes=\"(max-width: 265px) 100vw, 265px\" \/><\/a>Fulda. Nachdem der Kreisfeuerwehrverband im Januar 2012 die Stelle offen ausgeschrieben hatte, konnte diese nach einem umfangreichen Bewerbungsverfahren nunmehr erfolgreich besetzt werden. Julia Roeschies aus Hilders setzte sich gegen zahlreiche \u2013 durchweg m\u00e4nnliche \u2013 Bewerber durch und tritt ab voraussichtlich ab Mitte des Jahres ihre Funktion als hauptamtliche Gesch\u00e4ftsf\u00fchrerin des Kreisfeuerwehrverbandes des Landkreises Fulda an.<!--more--><br \/>\nIn einer k\u00fcrzlich erfolgten Sitzung des Verbandsvorstandes folgten alle Vorstandsmitglieder der Empfehlung des Bewerbungsgremiums f\u00fcr Julia Roeschies und beschlossen einstimmig deren Einstellung. Julia Roeschies selbst, die auf der Verbandsversammlung im M\u00e4rz dieses Jahres zur stellvertretenden Vorsitzenden gew\u00e4hlt worden war, nahm zur Wahrung der Neutralit\u00e4t nicht an der Abstimmung teil und zeigte sich gleicherma\u00dfen \u00fcberrascht wie erfreut \u00fcber die Entscheidung zu ihren Gunsten.<\/p>\n<p>Damit wird Julia Roeschies im Verband k\u00fcnftig zwei gewichtige \u00c4mter innehaben. Im Verband ist man stolz darauf, gerade eine Frau in dieser Doppelfunktion zu wissen und versteht dies auch als wichtiges Signal f\u00fcr die weiblichen Angeh\u00f6rigen in den Vereinen und Einsatzabteilungen des Landkreises.<\/p>\n<p>F\u00fcr die 28-j\u00e4hrige Julia Roeschies ist Feuerwehr kein Neuland, sie kennt bereits lange das \u201eFeuerwehrgesch\u00e4ft\u201c. Sie ist Vereinsvorsitzende der Freiwilligen Feuerwehr Hilders und kann durch ihre fr\u00fcheren \u00c4mter bei der Kreisjugendfeuerwehr auf vielf\u00e4ltige Erfahrungen und Kontakte aufbauen. Zusammen mit ihrer beruflichen Ausbildung und Kenntnissen ist sie bestens f\u00fcr ihre neuen Aufgaben vorbereitet.<\/p>\n<p>Der Tatsache, dass die Gesch\u00e4ftsf\u00fchrung des Kreisfeuerwehrverbandes nun hauptamtlich geregelt ist, waren umfangreiche \u00dcberlegungen, Gespr\u00e4che und Verhandlungen vorangegangen. Die Erkenntnis, dass die vielf\u00e4ltigen Aufgaben innerhalb der Verbandsf\u00fchrung immer schwieriger ehrenamtlich erbracht werden k\u00f6nnen, fand letztendlich in der Person von Landrat Bernd Woide den entscheidenden Unterst\u00fctzer. Er machte sich stark f\u00fcr diese weichenstellende Entwicklung und erreichte insbesondere, dass der Verband durch den Landkreis mit den notwendigen finanziellen Mitteln f\u00fcr die Gesch\u00e4ftsf\u00fchrerstelle ausgestattet wird. Der Landkreis Fulda \u00fcbernimmt mit diesem Modell eine Vorreiterrolle in ganz Hessen.<\/p>\n<p>Profitieren sollen und werden die Feuerwehren im Landkreis. Als hauptamtliche Gesch\u00e4ftsf\u00fchrerin wird Julia Roeschies st\u00e4ndige Ansprechpartnerin f\u00fcr deren Belange, Fragen und Sorgen sein. Daneben wird sie unter anderem au\u00dferdem f\u00fcr die Intensivierung der bereits positiven Zusammenarbeit mit den anderen Hilfsorganisationen im Landkreis und den f\u00fcr den Brandschutz zust\u00e4ndigen Beh\u00f6rden eintreten.<\/p>\n","protected":false},"excerpt":{"rendered":"<div class=\"tmnf_excerpt\"><p>Fulda. Nachdem der Kreisfeuerwehrverband im Januar 2012 die Stelle offen ausgeschrieben hatte, konnte diese nach einem umfangreichen Bewerbungsverfahren nunmehr erfolgreich besetzt werden. Julia Roeschies aus Hilders setzte sich gegen zahlreiche \u2013 durchweg m\u00e4nnliche \u2013 Bewerber durch und tritt ab voraussichtlich ab Mitte des Jahres ihre Funktion als hauptamtliche Gesch\u00e4ftsf\u00fchrerin des Kreisfeuerwehrverbandes des Landkreises Fulda an.<\/p>\n<\/div>","protected":false},"author":1,"featured_media":0,"comment_status":"closed","ping_status":"closed","sticky":false,"template":"","format":"standard","meta":{"footnotes":""},"categories":[1,71],"tags":[],"class_list":["post-97883","post","type-post","status-publish","format-standard","hentry","category-startseite","category-feuerwehr"],"_links":{"self":[{"href":"https:\/\/www.fuldaernachrichten.de\/index.php?rest_route=\/wp\/v2\/posts\/97883","targetHints":{"allow":["GET"]}}],"collection":[{"href":"https:\/\/www.fuldaernachrichten.de\/index.php?rest_route=\/wp\/v2\/posts"}],"about":[{"href":"https:\/\/www.fuldaernachrichten.de\/index.php?rest_route=\/wp\/v2\/types\/post"}],"author":[{"embeddable":true,"href":"https:\/\/www.fuldaernachrichten.de\/index.php?rest_route=\/wp\/v2\/users\/1"}],"replies":[{"embeddable":true,"href":"https:\/\/www.fuldaernachrichten.de\/index.php?rest_route=%2Fwp%2Fv2%2Fcomments&post=97883"}],"version-history":[{"count":0,"href":"https:\/\/www.fuldaernachrichten.de\/index.php?rest_route=\/wp\/v2\/posts\/97883\/revisions"}],"wp:attachment":[{"href":"https:\/\/www.fuldaernachrichten.de\/index.php?rest_route=%2Fwp%2Fv2%2Fmedia&parent=97883"}],"wp:term":[{"taxonomy":"category","embeddable":true,"href":"https:\/\/www.fuldaernachrichten.de\/index.php?rest_route=%2Fwp%2Fv2%2Fcategories&post=97883"},{"taxonomy":"post_tag","embeddable":true,"href":"https:\/\/www.fuldaernachrichten.de\/index.php?rest_route=%2Fwp%2Fv2%2Ftags&post=97883"}],"curies":[{"name":"wp","href":"https:\/\/api.w.org\/{rel}","templated":true}]}}