{"id":9780,"date":"2008-06-10T00:52:43","date_gmt":"2008-06-09T22:52:43","guid":{"rendered":"http:\/\/www.schoene-nachrichten.de\/?p=9780"},"modified":"2008-06-09T13:24:53","modified_gmt":"2008-06-09T11:24:53","slug":"caritas-werkstaetten-und-wohnbereiche-nun-online","status":"publish","type":"post","link":"https:\/\/www.fuldaernachrichten.de\/?p=9780","title":{"rendered":"Caritas  Werkst\u00e4tten und Wohnbereiche nun online"},"content":{"rendered":"<p><strong>Fulda.<\/strong> Einen eigenen Internetauftritt hat ab sofort die Caritas Behindertenhilfe des Bistums Fulda unter <a href=\"http:\/\/www.behindertenhilfe-fulda.de. \" target=\"_blank\">www.behindertenhilfe-fulda.de. <\/a>Nach einer etwa halbj\u00e4hrlichen Vorbereitung konnte der neue Auftritt nun freigeschaltet werden. Behinderte und psychisch kranke Menschen, ihre Angeh\u00f6rigen und alle sonstigen Interessierten k\u00f6nnen sich hier tagesaktuell und bequem \u00fcber die Angebote des Caritasverbandes f\u00fcr die Di\u00f6zese Fulda f\u00fcr behinderte Menschen informieren.<!--more--><\/p>\n<p>Der neue Online-Auftritt ist nach neuesten technischen M\u00f6glichkeiten aufgebaut und \u2013 selbstverst\u00e4ndlich \u2013 barrierefrei, damit behinderte Menschen die Seiten ohne nennenswerte Hindernisse navigieren k\u00f6nnen. Auch die Schriftgr\u00f6\u00dfe der Seiten l\u00e4sst sich   variieren und sorgt f\u00fcr bessere Lesbarbeit.<\/p>\n<p>Im Internetauftritt dreht es sich vor allem um die beiden gro\u00dfen Bereiche  Arbeiten und Wohnen, die Erl\u00e4uterungen und Angebote beziehen sich einmal auf Personen mit geistiger und\/oder k\u00f6rperlicher Behinderung und des Weiteren auf psychisch kranke Menschen. Nat\u00fcrlich ist der Auftritt www.behindertenhilfe-fulda.de mit der Homepage des Verbandes www.caritas-fulda.de vernetzt, auf der man die weiteren Caritas-Angebote in Osthessen, etwa f\u00fcr alte Menschen oder Menschen mit Beratungsbedarf in besonderen Lebenssituationen, sichten kann.<\/p>\n<p>Der Online-Auftritt wird \u00fcbrigens technisch betreut von der \u201eCarisma Media\u201c, einer Arbeitsgruppe der Werkstatt f\u00fcr psychisch kranke Menschen \u201eCarisma\u201c mit 20 qualifizierten Arbeitspl\u00e4tzen im Dienstleistungsfeld \u201eKopie, Druck, Versand, EDV und Internet. In den kommenden Monaten sollen noch weitere Einrichtungen der Caritas im Bistum Fulda wie zum Beispiel einzelne Altenpflegeheime und Einrichtungen der Kinder- und Jugendhilfe mit eigenen Internetauftritten online gehen.<\/p>\n","protected":false},"excerpt":{"rendered":"<div class=\"tmnf_excerpt\"><p>Fulda. Einen eigenen Internetauftritt hat ab sofort die Caritas Behindertenhilfe des Bistums Fulda unter www.behindertenhilfe-fulda.de. Nach einer etwa halbj\u00e4hrlichen Vorbereitung konnte der neue Auftritt nun freigeschaltet werden. Behinderte und psychisch kranke Menschen, ihre Angeh\u00f6rigen und alle sonstigen Interessierten k\u00f6nnen sich hier tagesaktuell und bequem \u00fcber die Angebote des Caritasverbandes f\u00fcr die Di\u00f6zese Fulda f\u00fcr behinderte &hellip;<\/p>\n<\/div>","protected":false},"author":1,"featured_media":0,"comment_status":"closed","ping_status":"closed","sticky":false,"template":"","format":"standard","meta":{"footnotes":""},"categories":[1,50],"tags":[],"class_list":["post-9780","post","type-post","status-publish","format-standard","hentry","category-startseite","category-kirche"],"_links":{"self":[{"href":"https:\/\/www.fuldaernachrichten.de\/index.php?rest_route=\/wp\/v2\/posts\/9780","targetHints":{"allow":["GET"]}}],"collection":[{"href":"https:\/\/www.fuldaernachrichten.de\/index.php?rest_route=\/wp\/v2\/posts"}],"about":[{"href":"https:\/\/www.fuldaernachrichten.de\/index.php?rest_route=\/wp\/v2\/types\/post"}],"author":[{"embeddable":true,"href":"https:\/\/www.fuldaernachrichten.de\/index.php?rest_route=\/wp\/v2\/users\/1"}],"replies":[{"embeddable":true,"href":"https:\/\/www.fuldaernachrichten.de\/index.php?rest_route=%2Fwp%2Fv2%2Fcomments&post=9780"}],"version-history":[{"count":0,"href":"https:\/\/www.fuldaernachrichten.de\/index.php?rest_route=\/wp\/v2\/posts\/9780\/revisions"}],"wp:attachment":[{"href":"https:\/\/www.fuldaernachrichten.de\/index.php?rest_route=%2Fwp%2Fv2%2Fmedia&parent=9780"}],"wp:term":[{"taxonomy":"category","embeddable":true,"href":"https:\/\/www.fuldaernachrichten.de\/index.php?rest_route=%2Fwp%2Fv2%2Fcategories&post=9780"},{"taxonomy":"post_tag","embeddable":true,"href":"https:\/\/www.fuldaernachrichten.de\/index.php?rest_route=%2Fwp%2Fv2%2Ftags&post=9780"}],"curies":[{"name":"wp","href":"https:\/\/api.w.org\/{rel}","templated":true}]}}