{"id":9775,"date":"2008-06-09T00:41:19","date_gmt":"2008-06-08T22:41:19","guid":{"rendered":"http:\/\/www.schoene-nachrichten.de\/?p=9775"},"modified":"2008-06-08T23:01:31","modified_gmt":"2008-06-08T21:01:31","slug":"claus-gerhard-bleibt-weiter-kreishandwerksmeister","status":"publish","type":"post","link":"https:\/\/www.fuldaernachrichten.de\/?p=9775","title":{"rendered":"Claus Gerhard bleibt weiter Kreishandwerksmeister"},"content":{"rendered":"<p><a rel=\"lightbox[roadtrip]\" href=\"http:\/\/www.schoene-nachrichten.de\/wp-content\/uploads\/2008\/06\/2008-05-30-neuwahl-kreishandwerksmeister.jpg\" target=\"_blank\"><img decoding=\"async\" class=\"alignleft size-thumbnail wp-image-9776\" title=\"2008-05-30-neuwahl-kreishandwerksmeister\" src=\"http:\/\/www.schoene-nachrichten.de\/wp-content\/uploads\/2008\/06\/2008-05-30-neuwahl-kreishandwerksmeister-128x85.jpg\" alt=\"\" hspace=\"5\" width=\"128\" height=\"85\" align=\"left\" \/><\/a><strong>Fulda.<\/strong> Einstimmig und ohne Gegenstimme hat die Mitgliederversammlung der Kreishandwerkerschaft Fulda ihren bisherigen Kreishandwerksmeister, Dipl.-Ing. Claus Gerhardt f\u00fcr weitere drei Jahre im Amt best\u00e4tigt. In seinem Bericht \u00fcber die abgelaufene Amtsperiode ging Gerhardt exemplarisch auf einige wichtige Projekte der Kreishandwerkerschaft ein. So w\u00fcrden zur Politik intensive und konstruktive Beziehungen gepflegt.<!--more--><\/p>\n<p>Der Kreishandwerkerschaft sei es gelungen, die meisten B\u00fcrgermeisterinnen und B\u00fcrgermeister im Landkreis Fulda von der M\u00f6glichkeit und den Vorteilen einer freih\u00e4ndigen Vergabe von Auftr\u00e4gen an heimische Betriebe zu \u00fcberzeugen, so Gerhardt.  An den Schulen leiste das Handwerk eine intensive Aufkl\u00e4rungsarbeit \u00fcber die Vorz\u00fcge einer Ausbildung im Handwerk. Der von der Kreishandwerkerschaft ins Leben gerufen Tag des Handwerks w\u00fcrde von immer mehr Haupt- und Realschulen in Stadt und Landkreis Fulda mindestes einmal im Jahr durchgef\u00fchrt.<\/p>\n<p>Und mit Beginn der Ausbildungsplatzoffensive Osthessen im September 2007 sei diese Arbeit noch intensiver und effektiver geworden. So w\u00e4re es der Ausbildungsplatzoffensive gelungen, bereits jetzt schon \u00fcber 110 zus\u00e4tzliche Ausbildungspl\u00e4tze in Handwerksbetrieben zu rekrutieren, die bisher noch nicht ausgebildet h\u00e4tten.<\/p>\n<p>Als au\u00dferordentlich erfolgreich stufte Gerhardt die Mitarbeit der Kreishandwerkerschaft im Projekt Perspektive 50plus in Zusammenarbeit mit dem Landkreis Fulda ein. Gerade das Handwerk k\u00f6nne \u00e4lteren Langzeitarbeitslosen mittels geeigneter Weiterqualifizierung ausgezeichnete Chancen f\u00fcr eine neue Besch\u00e4ftigung bieten. Deshalb sei es auch nur Konsequent gewesen, eine eigene Zeitarbeitsfirma als Dienstleistungsbetrieb f\u00fcr das Handwerk zu gr\u00fcnden. Aufgabe dieser Perspektive pro Handwerk GmbH sei es, Langzeitarbeitslose bedarfsgerecht zu qualifizieren, um sie im Handwerk dann dort einzusetzen, wo Arbeitskr\u00e4fte fehlen w\u00fcrden.<\/p>\n<p>Zu dem Thema Fachkr\u00e4ftemangel im Handwerk referierte im Anschluss an Gerhardt als Gastredner Dr. Robert Helmrich vom Bundesinstitut f\u00fcr Berufsbildung (BIBB). Er zeichnete in seinem Vortrag vor der Mitgliederversammlung ein \u00fcberzeugendes Bild von den zu erwartenden demografischen Ver\u00e4nderungen auf. Und er macht deutlich, dass aufgrund des dramatischen R\u00fcckgangs der unter 20j\u00e4hrigen in Deutschland von heute gut 17 Millionen auf dann nur noch 10 Millionen in 2050 ganz neue Personalrekrutierungsstrategien gerade auch im Handwerk notwendig w\u00fcrden. F\u00fcr die Unternehmen seien das keine unl\u00f6sbaren Probleme, aber sie m\u00fcssten sich schon heute auf die zu erwartenden Ver\u00e4nderungen einstellen.<\/p>\n<p>Zum Thema Zusammenarbeit zwischen Kreishandwerkerschaften und Handwerkskammern referierte die zweite Gastrednerin der Mitgliederversammlung, Dr. Diane Bingel, die neue stellvertretende Gesch\u00e4ftsf\u00fchrerin der Handwerkskammer Kassel.<\/p>\n<p>Einstimmig und ohne Gegenstimmen wiedergew\u00e4hlt wurden auch die beiden stellvertretenden Kreishandwerksmeister, Dachdeckermeister Robert L\u00f6ser und Dipl.-Ing. Michael Wi\u00dfler. Als weitere Vorstandsmitglieder gew\u00e4hlt wurden Schreinermeister Norbert Jehn, Weyhers, B\u00e4ckermeister Joachim Michel, Bronzell, Zentralheizungs- und L\u00fcftungsbaumeister Siegbert Simon, Hettenhausen, Raumausstattermeister Michael Vogel, Neuhof sowie Kfz-Mechaniker-Meister Wolfgang Worringen, Fulda.<\/p>\n<p>Aus dem Vorstand der Kreishandwerkerschaft ausgeschieden ist nach 15j\u00e4hriger T\u00e4tigkeit B\u00e4ckermeister Bernhard Faulstich. Kreishandwerksmeister Claus Gerhard dankte ihm f\u00fcr seinen unerm\u00fcdlich Einsatz f\u00fcr das Handwerk und richtete gleichzeitig die Bitte an ihn, doch weiterhin auch noch f\u00fcr das Handwerk ehrenamtlich t\u00e4tig zu bleiben.<\/p>\n<p><strong>Zum Foto:<\/strong> Alter und neuer Kreishandwerksmeister mit seinem beiden Stellvertretern: (von l. nach r.) Michael Wi\u00dfler, Claus Gerhardt, Robert L\u00f6ser<\/p>\n","protected":false},"excerpt":{"rendered":"<div class=\"tmnf_excerpt\"><p>Fulda. Einstimmig und ohne Gegenstimme hat die Mitgliederversammlung der Kreishandwerkerschaft Fulda ihren bisherigen Kreishandwerksmeister, Dipl.-Ing. Claus Gerhardt f\u00fcr weitere drei Jahre im Amt best\u00e4tigt. In seinem Bericht \u00fcber die abgelaufene Amtsperiode ging Gerhardt exemplarisch auf einige wichtige Projekte der Kreishandwerkerschaft ein. So w\u00fcrden zur Politik intensive und konstruktive Beziehungen gepflegt.<\/p>\n<\/div>","protected":false},"author":1,"featured_media":0,"comment_status":"closed","ping_status":"closed","sticky":false,"template":"","format":"standard","meta":{"footnotes":""},"categories":[1],"tags":[],"class_list":["post-9775","post","type-post","status-publish","format-standard","hentry","category-startseite"],"_links":{"self":[{"href":"https:\/\/www.fuldaernachrichten.de\/index.php?rest_route=\/wp\/v2\/posts\/9775","targetHints":{"allow":["GET"]}}],"collection":[{"href":"https:\/\/www.fuldaernachrichten.de\/index.php?rest_route=\/wp\/v2\/posts"}],"about":[{"href":"https:\/\/www.fuldaernachrichten.de\/index.php?rest_route=\/wp\/v2\/types\/post"}],"author":[{"embeddable":true,"href":"https:\/\/www.fuldaernachrichten.de\/index.php?rest_route=\/wp\/v2\/users\/1"}],"replies":[{"embeddable":true,"href":"https:\/\/www.fuldaernachrichten.de\/index.php?rest_route=%2Fwp%2Fv2%2Fcomments&post=9775"}],"version-history":[{"count":0,"href":"https:\/\/www.fuldaernachrichten.de\/index.php?rest_route=\/wp\/v2\/posts\/9775\/revisions"}],"wp:attachment":[{"href":"https:\/\/www.fuldaernachrichten.de\/index.php?rest_route=%2Fwp%2Fv2%2Fmedia&parent=9775"}],"wp:term":[{"taxonomy":"category","embeddable":true,"href":"https:\/\/www.fuldaernachrichten.de\/index.php?rest_route=%2Fwp%2Fv2%2Fcategories&post=9775"},{"taxonomy":"post_tag","embeddable":true,"href":"https:\/\/www.fuldaernachrichten.de\/index.php?rest_route=%2Fwp%2Fv2%2Ftags&post=9775"}],"curies":[{"name":"wp","href":"https:\/\/api.w.org\/{rel}","templated":true}]}}