{"id":97747,"date":"2012-04-30T00:12:09","date_gmt":"2012-04-30T00:12:09","guid":{"rendered":"http:\/\/www.fuldaer-nachrichten.de\/?p=97747"},"modified":"2012-04-30T08:23:54","modified_gmt":"2012-04-30T08:23:54","slug":"grunen-laden-zu-vortrag-ein-uwag-gwv-fusion-umzug-und-wahl-der-neuen-geschaftsfuhrung","status":"publish","type":"post","link":"https:\/\/www.fuldaernachrichten.de\/?p=97747","title":{"rendered":"GR\u00dcNEN laden zu Vortrag ein: \u00dcWAG-GWV-Fusion, Umzug und Wahl der neuen Gesch\u00e4ftsf\u00fchrung"},"content":{"rendered":"<p>Fulda. \u201eWelche Vorteile bietet die geplante Fusion der lokalen Energieversorger \u00dcWAG und GWV\u201c? Dazu wird der ehemalige Gesch\u00e4ftsf\u00fchrer der GWV Dr. Peter Szepanek bei der Kreismitgliederversammlung der Fuldaer Gr\u00fcnen am Donnerstag, 3. Mai 2012 um 19:30 Uhr im Vortragssaal des Vonderaumuseums in Fulda sprechen. Weitere Themen sind der Umzug des B\u00fcros des Kreisverbands und die Wahl einer neuen Gesch\u00e4ftsf\u00fchrung von B\u00fcndnis 90 \/ Die Gr\u00fcnen in Fulda. Alle interessierten B\u00fcrgerinnen und B\u00fcrger sind zu dieser kostenfreien Veranstaltung herzlich eingeladen.<\/p>\n","protected":false},"excerpt":{"rendered":"<div class=\"tmnf_excerpt\"><p>Fulda. \u201eWelche Vorteile bietet die geplante Fusion der lokalen Energieversorger \u00dcWAG und GWV\u201c? Dazu wird der ehemalige Gesch\u00e4ftsf\u00fchrer der GWV Dr. Peter Szepanek bei der Kreismitgliederversammlung der Fuldaer Gr\u00fcnen am Donnerstag, 3. Mai 2012 um 19:30 Uhr im Vortragssaal des Vonderaumuseums in Fulda sprechen. Weitere Themen sind der Umzug des B\u00fcros des Kreisverbands und die &hellip;<\/p>\n<\/div>","protected":false},"author":1,"featured_media":0,"comment_status":"closed","ping_status":"closed","sticky":false,"template":"","format":"standard","meta":{"footnotes":""},"categories":[1,29],"tags":[],"class_list":["post-97747","post","type-post","status-publish","format-standard","hentry","category-startseite","category-politik"],"_links":{"self":[{"href":"https:\/\/www.fuldaernachrichten.de\/index.php?rest_route=\/wp\/v2\/posts\/97747","targetHints":{"allow":["GET"]}}],"collection":[{"href":"https:\/\/www.fuldaernachrichten.de\/index.php?rest_route=\/wp\/v2\/posts"}],"about":[{"href":"https:\/\/www.fuldaernachrichten.de\/index.php?rest_route=\/wp\/v2\/types\/post"}],"author":[{"embeddable":true,"href":"https:\/\/www.fuldaernachrichten.de\/index.php?rest_route=\/wp\/v2\/users\/1"}],"replies":[{"embeddable":true,"href":"https:\/\/www.fuldaernachrichten.de\/index.php?rest_route=%2Fwp%2Fv2%2Fcomments&post=97747"}],"version-history":[{"count":1,"href":"https:\/\/www.fuldaernachrichten.de\/index.php?rest_route=\/wp\/v2\/posts\/97747\/revisions"}],"predecessor-version":[{"id":97748,"href":"https:\/\/www.fuldaernachrichten.de\/index.php?rest_route=\/wp\/v2\/posts\/97747\/revisions\/97748"}],"wp:attachment":[{"href":"https:\/\/www.fuldaernachrichten.de\/index.php?rest_route=%2Fwp%2Fv2%2Fmedia&parent=97747"}],"wp:term":[{"taxonomy":"category","embeddable":true,"href":"https:\/\/www.fuldaernachrichten.de\/index.php?rest_route=%2Fwp%2Fv2%2Fcategories&post=97747"},{"taxonomy":"post_tag","embeddable":true,"href":"https:\/\/www.fuldaernachrichten.de\/index.php?rest_route=%2Fwp%2Fv2%2Ftags&post=97747"}],"curies":[{"name":"wp","href":"https:\/\/api.w.org\/{rel}","templated":true}]}}