{"id":97741,"date":"2012-04-30T00:10:52","date_gmt":"2012-04-30T00:10:52","guid":{"rendered":"http:\/\/www.fuldaer-nachrichten.de\/?p=97741"},"modified":"2012-04-30T08:09:43","modified_gmt":"2012-04-30T08:09:43","slug":"hr-filmwettbewerb-meine-ausbildung-geht-in-die-endrunde-fuldaer-schule-nominiert","status":"publish","type":"post","link":"https:\/\/www.fuldaernachrichten.de\/?p=97741","title":{"rendered":"hr-Filmwettbewerb \u201eMeine Ausbildung\u201c geht in die Endrunde &#8211; Fuldaer Schule nominiert"},"content":{"rendered":"<p>Fulda. Bereits zum vierten Mal hat der Hessische Rundfunk (hr) Sch\u00fclerinnen und Sch\u00fcler zur Teilnahme am Filmwettbewerb \u201eMeine Ausbildung \u2013 Sch\u00fcler f\u00fchren selbst Regie\u201c aufgerufen. Ausger\u00fcstet mit Kamera und Mikrofon sollten die Jugendlichen einen rund f\u00fcnfmin\u00fctigen Film zum Thema Ausbildung drehen. Aus weit \u00fcber 80 angemeldeten Filmen hat eine Jugendjury jetzt die zehn besten ausgew\u00e4hlt.<!--more--><br \/>\n<strong>Qualifiziert f\u00fcr die Endrunde haben sich folgende hessische Schulen:<\/strong><\/p>\n<p>&#8211; Heinrich-Sch\u00fctz-Schule, Kassel<br \/>\n&#8211; Johann-Amos-Comenius-Schule, Kassel<br \/>\n&#8211; Landgraf-Ludwigs-Gymnasium, Gie\u00dfen<br \/>\n&#8211; Kaufm\u00e4nnische Schulen des Lahn-Dill-Kreises, Dillenburg<br \/>\n&#8211; Richard-M\u00fcller-Schule, Fulda<br \/>\n&#8211; Gymnasium Oberursel<br \/>\n&#8211; Feldbergschule, Oberursel<br \/>\n&#8211; Christophorus-Schule, M\u00fchltal, mit Unterst\u00fctzung des Bildungswerks der Hessischen Wirtschaft e. V., Darmstadt<br \/>\n&#8211; Landrat-Gruber-Schule, Dieburg<br \/>\n&#8211; Gymnasium Taunusstein<\/p>\n<p>In einer zweiten Runde k\u00fcrt eine Fachjury aus den zehn Nominierungen nun die ersten f\u00fcnf Gewinner, die mit Geld- und Sachpreisen im Gesamtwert von \u00fcber 11.000 Euro pr\u00e4miert werden. Die feierliche Preisverleihung findet am 16. Mai im Frankfurter Funkhaus am Dornbusch statt und wird ab 11 Uhr unter www.meine-ausbildung.de live im Internet \u00fcbertragen. Am 27. und 28. Juni werden dann alle zehn nominierten Filme im hr-fernsehen ausgestrahlt.<\/p>\n<p>Die Fachjury wird in diesem Jahr von Kathrin Fricke alias Coldmirror verst\u00e4rkt, die vom jungen hr-Radioprogramm YOU FM entdeckt wurde und mittlerweile eine eigene kultige Videoshow bei Einsfestival und YOU-FM.de hat. Bei der Live\u00fcbertragung der Preisverleihung haben die Zuschauer bei einem Gewinnspiel au\u00dferdem die Chance, Eintrittskarten f\u00fcr die YOU-FM-Night und ein Konzert mit Tim Bendzko auf dem Hessentag in Wetzlar zu gewinnen.<\/p>\n<p>Veranstaltet wird der Wettbewerb \u201eMeine Ausbildung\u201c vom Hessischen Rundfunk in Zusammenarbeit mit dem Hessischen Kultusministerium, der Sparkassen-Finanzgruppe Hessen-Th\u00fcringen, der Fraport AG, der DGB-Jugend Hessen-Th\u00fcringen, den Hessischen Medienzentren sowie Provadis (Partner f\u00fcr Bildung und Beratung GmbH). Gemeinsames Ziel ist es, mit dem Wettbewerb die Medienkompetenz der Sch\u00fcler zu f\u00f6rdern und die Bedeutung der beruflichen Ausbildung st\u00e4rker in den Fokus der Jugendlichen zu r\u00fccken. Ausf\u00fchrliche Informationen zum Wettbewerb finden sich unter www.meine-ausbildung.hr-online.de.<\/p>\n","protected":false},"excerpt":{"rendered":"<div class=\"tmnf_excerpt\"><p>Fulda. Bereits zum vierten Mal hat der Hessische Rundfunk (hr) Sch\u00fclerinnen und Sch\u00fcler zur Teilnahme am Filmwettbewerb \u201eMeine Ausbildung \u2013 Sch\u00fcler f\u00fchren selbst Regie\u201c aufgerufen. Ausger\u00fcstet mit Kamera und Mikrofon sollten die Jugendlichen einen rund f\u00fcnfmin\u00fctigen Film zum Thema Ausbildung drehen. Aus weit \u00fcber 80 angemeldeten Filmen hat eine Jugendjury jetzt die zehn besten ausgew\u00e4hlt.<\/p>\n<\/div>","protected":false},"author":1,"featured_media":0,"comment_status":"closed","ping_status":"closed","sticky":false,"template":"","format":"standard","meta":{"footnotes":""},"categories":[1,53],"tags":[],"class_list":["post-97741","post","type-post","status-publish","format-standard","hentry","category-startseite","category-bildung"],"_links":{"self":[{"href":"https:\/\/www.fuldaernachrichten.de\/index.php?rest_route=\/wp\/v2\/posts\/97741","targetHints":{"allow":["GET"]}}],"collection":[{"href":"https:\/\/www.fuldaernachrichten.de\/index.php?rest_route=\/wp\/v2\/posts"}],"about":[{"href":"https:\/\/www.fuldaernachrichten.de\/index.php?rest_route=\/wp\/v2\/types\/post"}],"author":[{"embeddable":true,"href":"https:\/\/www.fuldaernachrichten.de\/index.php?rest_route=\/wp\/v2\/users\/1"}],"replies":[{"embeddable":true,"href":"https:\/\/www.fuldaernachrichten.de\/index.php?rest_route=%2Fwp%2Fv2%2Fcomments&post=97741"}],"version-history":[{"count":0,"href":"https:\/\/www.fuldaernachrichten.de\/index.php?rest_route=\/wp\/v2\/posts\/97741\/revisions"}],"wp:attachment":[{"href":"https:\/\/www.fuldaernachrichten.de\/index.php?rest_route=%2Fwp%2Fv2%2Fmedia&parent=97741"}],"wp:term":[{"taxonomy":"category","embeddable":true,"href":"https:\/\/www.fuldaernachrichten.de\/index.php?rest_route=%2Fwp%2Fv2%2Fcategories&post=97741"},{"taxonomy":"post_tag","embeddable":true,"href":"https:\/\/www.fuldaernachrichten.de\/index.php?rest_route=%2Fwp%2Fv2%2Ftags&post=97741"}],"curies":[{"name":"wp","href":"https:\/\/api.w.org\/{rel}","templated":true}]}}