{"id":97707,"date":"2012-04-28T00:12:25","date_gmt":"2012-04-28T00:12:25","guid":{"rendered":"http:\/\/www.fuldaer-nachrichten.de\/?p=97707"},"modified":"2012-04-27T18:35:08","modified_gmt":"2012-04-27T18:35:08","slug":"girls-and-boys-day-2012-wieder-grose-teilnahme-am-klinikum-fulda","status":"publish","type":"post","link":"https:\/\/www.fuldaernachrichten.de\/?p=97707","title":{"rendered":"\u201eGirls and Boys Day 2012\u201c: Wieder gro\u00dfe Teilnahme am Klinikum Fulda"},"content":{"rendered":"<p><strong><\/strong><strong><\/strong><\/p>\n<p><a href=\"http:\/\/www.fuldaer-nachrichten.de\/wp-content\/uploads\/2012\/04\/Together_klein.jpg\"><img decoding=\"async\" class=\"alignleft size-thumbnail wp-image-97709\" title=\"Together_klein\" src=\"http:\/\/www.fuldaer-nachrichten.de\/wp-content\/uploads\/2012\/04\/Together_klein-265x148.jpg\" alt=\"\" width=\"265\" height=\"148\" srcset=\"https:\/\/www.fuldaernachrichten.de\/wp-content\/uploads\/2012\/04\/Together_klein-265x148.jpg 265w, https:\/\/www.fuldaernachrichten.de\/wp-content\/uploads\/2012\/04\/Together_klein.jpg 600w\" sizes=\"(max-width: 265px) 100vw, 265px\" \/><\/a>Fulda. Am 26. April 2012 fand der \u201eGirls and Boys Day\u201c statt. Das Klinikum Fulda hat auch in diesem Jahr die bundesweite Aktion\u00c2\u00a0 aktiv unterst\u00fctzt und insgesamt fast 130 Sch\u00fclerinnen und Sch\u00fcler Einblick in verschiedene Berufe gew\u00e4hrt. <!--more-->Mit der Aktion wollen Unternehmen und Schulen den Sch\u00fclerinnen und Sch\u00fclern einen Einblick in frauen- bzw. m\u00e4nneruntypischen T\u00e4tigkeiten erm\u00f6glichen.\u00c2\u00a0 Das Klinikum Fulda hat aus diesem Anlass seine T\u00fcren ge\u00f6ffnet, um den M\u00e4dchen und Jungen das breite Spektrum der verschiedenen\u00c2\u00a0 zukunftsorientierten Berufsfelder n\u00e4her zu bringen. Damit bietet das Klinikum den Sch\u00fclern die Chance, sich fr\u00fchzeitig beruflich zu orientieren und bereits erste Kontakte f\u00fcr Schul- und Berufspraktika zu kn\u00fcpfen.<\/p>\n<p><a href=\"http:\/\/www.fuldaer-nachrichten.de\/wp-content\/uploads\/2012\/04\/KPS3_klein.jpg\"><img decoding=\"async\" class=\"alignnone size-thumbnail wp-image-97712\" title=\"KPS3_klein\" src=\"http:\/\/www.fuldaer-nachrichten.de\/wp-content\/uploads\/2012\/04\/KPS3_klein-265x148.jpg\" alt=\"\" width=\"265\" height=\"148\" srcset=\"https:\/\/www.fuldaernachrichten.de\/wp-content\/uploads\/2012\/04\/KPS3_klein-265x148.jpg 265w, https:\/\/www.fuldaernachrichten.de\/wp-content\/uploads\/2012\/04\/KPS3_klein.jpg 600w\" sizes=\"(max-width: 265px) 100vw, 265px\" \/><\/a> <a href=\"http:\/\/www.fuldaer-nachrichten.de\/wp-content\/uploads\/2012\/04\/MTA-Labor2_klein.jpg\"><img decoding=\"async\" class=\"alignnone size-thumbnail wp-image-97711\" title=\"MTA-Labor2_klein\" src=\"http:\/\/www.fuldaer-nachrichten.de\/wp-content\/uploads\/2012\/04\/MTA-Labor2_klein-265x148.jpg\" alt=\"\" width=\"265\" height=\"148\" srcset=\"https:\/\/www.fuldaernachrichten.de\/wp-content\/uploads\/2012\/04\/MTA-Labor2_klein-265x148.jpg 265w, https:\/\/www.fuldaernachrichten.de\/wp-content\/uploads\/2012\/04\/MTA-Labor2_klein.jpg 600w\" sizes=\"(max-width: 265px) 100vw, 265px\" \/><\/a><\/p>\n<p>Einen Tag lang wurden den Sch\u00fclern der Klassen f\u00fcnf bis neun Einblick in die Praxis verschiedenster Bereiche des Klinikums Fulda gew\u00e4hrt. \u00dcber 80 M\u00e4dchen und Jungen haben das Angebot wahrgenommen und sich in 13 verschiedenen Bereichen des Krankenhauses umgesehen. Ein volles Programm lie\u00df keine Langeweile aufkommen: im vollbesetzten Konferenzraum wurden die M\u00e4dchen und Jungen von Priv.-Doz. Dr. Thomas Menzel, Sprecher des Vorstandes, begr\u00fc\u00dft und erhielten einen \u00dcberblick \u00fcber das Unternehmen Klinikum Fulda sowie Informationen \u00fcber die verschiedenen Ausbildungsm\u00f6glichkeiten.<\/p>\n<p><a href=\"http:\/\/www.fuldaer-nachrichten.de\/wp-content\/uploads\/2012\/04\/DSC_3715_2.jpg\"><img loading=\"lazy\" decoding=\"async\" class=\"alignnone size-thumbnail wp-image-97713\" title=\"DSC_3715_2\" src=\"http:\/\/www.fuldaer-nachrichten.de\/wp-content\/uploads\/2012\/04\/DSC_3715_2-265x159.jpg\" alt=\"\" width=\"265\" height=\"159\" srcset=\"https:\/\/www.fuldaernachrichten.de\/wp-content\/uploads\/2012\/04\/DSC_3715_2-265x159.jpg 265w, https:\/\/www.fuldaernachrichten.de\/wp-content\/uploads\/2012\/04\/DSC_3715_2.jpg 600w\" sizes=\"(max-width: 265px) 100vw, 265px\" \/><\/a> <a href=\"http:\/\/www.fuldaer-nachrichten.de\/wp-content\/uploads\/2012\/04\/DSC_3723_klein.jpg\"><img loading=\"lazy\" decoding=\"async\" class=\"alignnone size-thumbnail wp-image-97708\" title=\"DSC_3723_klein\" src=\"http:\/\/www.fuldaer-nachrichten.de\/wp-content\/uploads\/2012\/04\/DSC_3723_klein-265x157.jpg\" alt=\"\" width=\"265\" height=\"157\" srcset=\"https:\/\/www.fuldaernachrichten.de\/wp-content\/uploads\/2012\/04\/DSC_3723_klein-265x157.jpg 265w, https:\/\/www.fuldaernachrichten.de\/wp-content\/uploads\/2012\/04\/DSC_3723_klein.jpg 600w\" sizes=\"(max-width: 265px) 100vw, 265px\" \/><\/a><\/p>\n<p>Im Anschluss wurden die Sch\u00fclerinnen und Sch\u00fcler in Gruppen eingeteilt und konnten anhand zahlreicher Mitmachaktionen verschiedene Kliniken und Abteilungen kennen lernen. So \u00c2\u00a0konnten sie sich unter anderem \u00fcber die Aufgabenbereiche der Radiologietechnik, Hals-Nasen-Ohrenheilkunde, Neurologie, Neurochirurgie, Frauenklinik, Psychiatrie, Apotheke, Innere Medizin, Orthop\u00e4die oder Notaufnahme \u00c2\u00a0informieren. Ebenso \u00f6ffnete das Schulzentrum des Klinikums Fulda (Haimbach) mit seinen Ausbildungsm\u00f6glichkeiten seine T\u00fcren. Dort haben fast 50 Sch\u00fclerinnen und Sch\u00fcler Einblick in die Kranken- und Kinderkrankenpflegeschule sowie die Schule der Medizinisch-technischen Assistenten erhalten.<\/p>\n","protected":false},"excerpt":{"rendered":"<div class=\"tmnf_excerpt\"><p>Fulda. Am 26. April 2012 fand der \u201eGirls and Boys Day\u201c statt. Das Klinikum Fulda hat auch in diesem Jahr die bundesweite Aktion\u00c2\u00a0 aktiv unterst\u00fctzt und insgesamt fast 130 Sch\u00fclerinnen und Sch\u00fcler Einblick in verschiedene Berufe gew\u00e4hrt.<\/p>\n<\/div>","protected":false},"author":1,"featured_media":0,"comment_status":"closed","ping_status":"closed","sticky":false,"template":"","format":"standard","meta":{"footnotes":""},"categories":[1,53,51],"tags":[],"class_list":["post-97707","post","type-post","status-publish","format-standard","hentry","category-startseite","category-bildung","category-medizin"],"_links":{"self":[{"href":"https:\/\/www.fuldaernachrichten.de\/index.php?rest_route=\/wp\/v2\/posts\/97707","targetHints":{"allow":["GET"]}}],"collection":[{"href":"https:\/\/www.fuldaernachrichten.de\/index.php?rest_route=\/wp\/v2\/posts"}],"about":[{"href":"https:\/\/www.fuldaernachrichten.de\/index.php?rest_route=\/wp\/v2\/types\/post"}],"author":[{"embeddable":true,"href":"https:\/\/www.fuldaernachrichten.de\/index.php?rest_route=\/wp\/v2\/users\/1"}],"replies":[{"embeddable":true,"href":"https:\/\/www.fuldaernachrichten.de\/index.php?rest_route=%2Fwp%2Fv2%2Fcomments&post=97707"}],"version-history":[{"count":0,"href":"https:\/\/www.fuldaernachrichten.de\/index.php?rest_route=\/wp\/v2\/posts\/97707\/revisions"}],"wp:attachment":[{"href":"https:\/\/www.fuldaernachrichten.de\/index.php?rest_route=%2Fwp%2Fv2%2Fmedia&parent=97707"}],"wp:term":[{"taxonomy":"category","embeddable":true,"href":"https:\/\/www.fuldaernachrichten.de\/index.php?rest_route=%2Fwp%2Fv2%2Fcategories&post=97707"},{"taxonomy":"post_tag","embeddable":true,"href":"https:\/\/www.fuldaernachrichten.de\/index.php?rest_route=%2Fwp%2Fv2%2Ftags&post=97707"}],"curies":[{"name":"wp","href":"https:\/\/api.w.org\/{rel}","templated":true}]}}