{"id":97700,"date":"2012-04-28T00:09:36","date_gmt":"2012-04-28T00:09:36","guid":{"rendered":"http:\/\/www.fuldaer-nachrichten.de\/?p=97700"},"modified":"2012-04-27T18:27:43","modified_gmt":"2012-04-27T18:27:43","slug":"blutspenden-live-demonstrationen-hubschrauber-und-mehr-tag-der-offenen-tur-beim-drk-in-fulda","status":"publish","type":"post","link":"https:\/\/www.fuldaernachrichten.de\/?p=97700","title":{"rendered":"Blutspenden, Live-Demonstrationen, Hubschrauber und mehr \u2013 Tag der offenen T\u00fcr beim DRK in Fulda"},"content":{"rendered":"<p><a href=\"http:\/\/www.fuldaer-nachrichten.de\/wp-content\/uploads\/2012\/04\/DRK_Erste-Hilfe.jpg\"><img fetchpriority=\"high\" decoding=\"async\" class=\"alignnone size-full wp-image-97702\" title=\"DRK_Erste-Hilfe\" src=\"http:\/\/www.fuldaer-nachrichten.de\/wp-content\/uploads\/2012\/04\/DRK_Erste-Hilfe.jpg\" alt=\"\" width=\"560\" height=\"359\" \/><\/a><br \/>\nFulda. Sie wollten schon immer mal sehen, wie ein Rettungswagen von innen aussieht? Oder wie der professionelle Rettungsdienst arbeitet? Dann kommen Sie am Samstag, den 5. Mai 2012 zum Deutschen Roten Kreuz nach Fulda. Die gr\u00f6\u00dfte Hilfsorganisation der Region l\u00e4dt alle B\u00fcrgerinnen und B\u00fcrger des Landkreises Fulda zum Tag der offenen T\u00fcr in das Katastrophenschutzzentrum nach Fulda-Neuenberg ein. Die offizielle Er\u00f6ffnung beginnt um 11:00 Uhr mit Gru\u00dfworten von Landrat Bernd Woide, Fuldas Oberb\u00fcrgermeister Gerhard M\u00f6ller und dem DRK-Pr\u00e4sidenten Prof. Dr. med. Martin H. Hessmann.<!--more--><\/p>\n<p><a href=\"http:\/\/www.fuldaer-nachrichten.de\/wp-content\/uploads\/2012\/04\/DRK_Rettungszentrum.jpg\"><img decoding=\"async\" class=\"alignleft size-thumbnail wp-image-97701\" title=\"DRK_Rettungszentrum\" src=\"http:\/\/www.fuldaer-nachrichten.de\/wp-content\/uploads\/2012\/04\/DRK_Rettungszentrum-265x176.jpg\" alt=\"\" width=\"265\" height=\"176\" srcset=\"https:\/\/www.fuldaernachrichten.de\/wp-content\/uploads\/2012\/04\/DRK_Rettungszentrum-265x176.jpg 265w, https:\/\/www.fuldaernachrichten.de\/wp-content\/uploads\/2012\/04\/DRK_Rettungszentrum.jpg 600w\" sizes=\"(max-width: 265px) 100vw, 265px\" \/><\/a>Von 11:00 \u2013 17:00 Uhr stehen zahlreiche Attraktionen auf dem Programm: von der Fahrzeugschau \u00fcber das Simulationszentrum, in dem sich Notf\u00e4lle real darstellen lassen, bis zur Blutdruckmessung und Blutzuckerbestimmung. H\u00f6hepunkt ist die Landung des Fuldaer ADAC-Rettungshubschraubers \u201eChristoph 28\u201c, der nat\u00fcrlich auch besichtigt werden kann. Lassen Sie sich einen Gesundheitspass ausstellen oder spenden Sie Blut beim DRK Fulda-Sonderblutspendetermin in einem daf\u00fcr extra bereitgestellten Entnahmebus.<\/p>\n<p>Bei den Mitarbeitern des DRK Fulda k\u00f6nnen Sie sich aus erster Hand rund um die Themen Betreutes Reisen, Essen auf R\u00e4dern, Hausnotruf, Kleiderladen oder Breitenausbildung informieren. Experten werden \u00fcber aktuelle Projekte wie etwa die \u201eSAN-Station\u201c oder \u201eCardio Angel\u201c \u2013 eine Initiative in Zusammenarbeit mit dem Klinikum Fulda \u2013 referieren. F\u00fcr Fragen rund um das Thema Senioren stehen die Mitarbeiter der Pflegeeinrichtungen aus Hilders, Petersberg und Weyhers gerne zur Verf\u00fcgung.<\/p>\n<p><a href=\"http:\/\/www.fuldaer-nachrichten.de\/wp-content\/uploads\/2012\/04\/DRK_Rettungswagen.jpg\"><img decoding=\"async\" class=\"alignleft size-thumbnail wp-image-97703\" title=\"DRK_Rettungswagen\" src=\"http:\/\/www.fuldaer-nachrichten.de\/wp-content\/uploads\/2012\/04\/DRK_Rettungswagen-265x177.jpg\" alt=\"\" width=\"265\" height=\"177\" srcset=\"https:\/\/www.fuldaernachrichten.de\/wp-content\/uploads\/2012\/04\/DRK_Rettungswagen-265x177.jpg 265w, https:\/\/www.fuldaernachrichten.de\/wp-content\/uploads\/2012\/04\/DRK_Rettungswagen.jpg 600w\" sizes=\"(max-width: 265px) 100vw, 265px\" \/><\/a>Auch die kleinen Besucher kommen beim gro\u00dfen Tag der Offenen T\u00fcr nicht zu kurz und k\u00f6nnen sich bei einem Spieleparcours austoben oder zum Kinderschminken kommen. F\u00fcr das leibliche Wohl sorgen die Ortsvereinigungen des DRK Fulda. Und wer zwischendurch beim Deutschen Feuerwehrmuseum reinschauen m\u00f6chte, auf den wartet eine Sonderschau von historischen Fahrzeugen. \u00dcbrigens: F\u00fcr alle Besucher gilt der erm\u00e4\u00dfigte Eintrittspreis.<\/p>\n<p>Da die Parkpl\u00e4tze rund um das Katastrophenschutzzentrum in der Sankt-Laurentius-Stra\u00dfe zum Veranstaltungsgel\u00e4nde geh\u00f6ren, nutzen Sie bitte die Parkpl\u00e4tze am Stadion Johannisau. Ein Bus-Shuttle-Service bringt Sie in regelm\u00e4\u00dfigen Abst\u00e4nden zum Tag der Offenen T\u00fcr und auch wieder zu ihrem Fahrzeug zur\u00fcck.<\/p>\n<p><strong>Allgemeine Informationen zum DRK Kreisverband Fulda<\/strong><\/p>\n<p>Das Deutsche Rote Kreuz Fulda geh\u00f6rt mit rund 450 aktiven ehrenamtlichen Mitgliedern und 250 hauptamtlichen Mitarbeitern zu einem der bedeutendsten gemeinn\u00fctzigen Leistungserbringer der Region. Der Unternehmensbereich Senioreneinrichtungen konnte im Jahre 2010 erheblich erweitert werden. Im Verbund der DRK Fulda gGmbH befinden sich die Senioreneinrichtungen \u201eBruder Konrad\u201c in Weyhers, \u201eAm Roten Rain\u201c in Petersberg und \u201eSt. Kilian\u201c in Hilders.<\/p>\n<p>Im Bereich des Rettungsdienstes ist das Deutsche Rote Kreuz Fulda Marktf\u00fchrer. Das Leistungsangebot enth\u00e4lt Rettungseins\u00e4tze, Intensivtransporte, Krankentransporte, Besetzung des Notarzteinsatzfahrzeugs und des Rettungshubschraubers \u201eChristoph 28\u201c mit rettungsdienstlichem Fachpersonal. St\u00e4ndig besetzte St\u00fctzpunkte befinden sich in Fulda, Lahrbach, Gersfeld und Neuhof.<\/p>\n<p>DRK Ortsvereinigungen bestehen in Eichenzell, Flieden, Fulda, Gersfeld, Marbach und Neuhof. Dort werden ehrenamtliche Dienste, darunter Voraushelfer-vor-Ort, Schnelleinsatzgruppe und der Katastrophenschutz, geleistet.<\/p>\n<p>Die Breitenausbildung deckt das komplette Leistungsspektrum von Lebensrettenden Sofortma\u00dfnahmen, Erste-Hilfe-Kursen, Erste-Hilfe am Kind, Helfer in der Pflege. Zus\u00e4tzliche Betreuungskraft im Pflegeheim, Sanit\u00e4tsdienstausbildung bis hin zu Ersthelfer in Betrieben ab.<\/p>\n<p>Zudem unterh\u00e4lt das Deutsche Rote Kreuz Fulda ein hessenweit einzigartiges Ausbildungs- und Trainingszentrum f\u00fcr Rettungsdienstmitarbeiter und medizinisches Fachpersonal.<\/p>\n<p>Weitere soziale Angebote sind der Kleiderladen in Fulda, Essen auf R\u00e4dern, Hausnotruf, Blutspendedienste, Betreutes Reisen f\u00fcr Senioren, Mutter-Kind-Kur-Beratung und Familienzusammenf\u00fchrung \/ Suchdienst.<\/p>\n","protected":false},"excerpt":{"rendered":"<div class=\"tmnf_excerpt\"><p>Fulda. Sie wollten schon immer mal sehen, wie ein Rettungswagen von innen aussieht? Oder wie der professionelle Rettungsdienst arbeitet? Dann kommen Sie am Samstag, den 5. Mai 2012 zum Deutschen Roten Kreuz nach Fulda. Die gr\u00f6\u00dfte Hilfsorganisation der Region l\u00e4dt alle B\u00fcrgerinnen und B\u00fcrger des Landkreises Fulda zum Tag der offenen T\u00fcr in das Katastrophenschutzzentrum &hellip;<\/p>\n<\/div>","protected":false},"author":1,"featured_media":0,"comment_status":"closed","ping_status":"closed","sticky":false,"template":"","format":"standard","meta":{"footnotes":""},"categories":[1,51,78],"tags":[],"class_list":["post-97700","post","type-post","status-publish","format-standard","hentry","category-startseite","category-medizin","category-topthema"],"_links":{"self":[{"href":"https:\/\/www.fuldaernachrichten.de\/index.php?rest_route=\/wp\/v2\/posts\/97700","targetHints":{"allow":["GET"]}}],"collection":[{"href":"https:\/\/www.fuldaernachrichten.de\/index.php?rest_route=\/wp\/v2\/posts"}],"about":[{"href":"https:\/\/www.fuldaernachrichten.de\/index.php?rest_route=\/wp\/v2\/types\/post"}],"author":[{"embeddable":true,"href":"https:\/\/www.fuldaernachrichten.de\/index.php?rest_route=\/wp\/v2\/users\/1"}],"replies":[{"embeddable":true,"href":"https:\/\/www.fuldaernachrichten.de\/index.php?rest_route=%2Fwp%2Fv2%2Fcomments&post=97700"}],"version-history":[{"count":0,"href":"https:\/\/www.fuldaernachrichten.de\/index.php?rest_route=\/wp\/v2\/posts\/97700\/revisions"}],"wp:attachment":[{"href":"https:\/\/www.fuldaernachrichten.de\/index.php?rest_route=%2Fwp%2Fv2%2Fmedia&parent=97700"}],"wp:term":[{"taxonomy":"category","embeddable":true,"href":"https:\/\/www.fuldaernachrichten.de\/index.php?rest_route=%2Fwp%2Fv2%2Fcategories&post=97700"},{"taxonomy":"post_tag","embeddable":true,"href":"https:\/\/www.fuldaernachrichten.de\/index.php?rest_route=%2Fwp%2Fv2%2Ftags&post=97700"}],"curies":[{"name":"wp","href":"https:\/\/api.w.org\/{rel}","templated":true}]}}