{"id":9769,"date":"2008-06-09T00:08:55","date_gmt":"2008-06-08T22:08:55","guid":{"rendered":"http:\/\/www.schoene-nachrichten.de\/?p=9769"},"modified":"2008-06-08T22:49:40","modified_gmt":"2008-06-08T20:49:40","slug":"edag-tochterunternehmen-ausgezeichnet","status":"publish","type":"post","link":"https:\/\/www.fuldaernachrichten.de\/?p=9769","title":{"rendered":"EDAG Tochterunternehmen ausgezeichnet"},"content":{"rendered":"<p><a rel=\"lightbox[roadtrip]\" href=\"http:\/\/www.schoene-nachrichten.de\/wp-content\/uploads\/2008\/06\/edag_pm_05_06_2008_300dpi.jpg\" target=\"_blank\"><img decoding=\"async\" class=\"alignleft size-thumbnail wp-image-9770\" title=\"edag_pm_05_06_2008_300dpi\" src=\"http:\/\/www.schoene-nachrichten.de\/wp-content\/uploads\/2008\/06\/edag_pm_05_06_2008_300dpi-128x85.jpg\" alt=\"\" hspace=\"5\" width=\"128\" height=\"85\" align=\"left\" \/><\/a><strong>Fulda.<\/strong> Das EDAG Tochterunternehmen FFT EDAG Produktionssysteme GmbH &amp; Co. KG wurde f\u00fcr ihre Leistungen im vergangenen Jahr 2007 von General Motors und Mercedes Benz, South Africa ausgezeichnet.<!--more--><\/p>\n<p>Im Rahmen der Feierlichkeiten in East London (S\u00fcdafrika) konnte Manfred Hahl, EDAG Gesch\u00e4ftsf\u00fchrer und Klaus Huder, Projektleiter den 1. Preis in der Kategorie \u201eBest Non-Production Supplier Production Machines &amp; Equipment\u201c entgegennehmen. Der National Supplier Award der Mercedes Benz, South Africa wurde dem Tochterunternehmen der EDAG Gruppe f\u00fcr die Entwicklung und den Bau der Seitenwandfertigung mit Laserschwei\u00dfen f\u00fcr die neue C-Klasse verliehen.<\/p>\n<p>Bereits zum 12. Male hat die EDAG Gruppe den begehrten QSTP-Award von General Motor erhalten. Als \u201eLieferant des Jahres 2007\u00e2\u20ac\u009d wurde das EDAG Tochterunternehmen FFT EDAG Produktionssysteme GmbH &amp; Co. KG f\u00fcr die Gesamtgesch\u00e4ftsleistung bei der weltweiten Versorgung des GM-Konzerns mit schl\u00fcsselfertigen Fertigungsanlagen und dem gesamten Spektrum an Engineering- Dienstleistungen auf h\u00f6chstem Niveau ausgezeichnet. Die Verleihung fand unter dem Motto \u201eBest of the Best\u00e2\u20ac\u009d im Rahmen von Feierlichkeiten am 25. und 26. April in Florida statt.<\/p>\n<p>F\u00fcr die EDAG Gruppe nahmen Manfred Hahl, Gesch\u00e4ftsf\u00fchrer und Dr. Andreas Quanz als Gesch\u00e4ftsbereichsleiter GM den Award entgegen. Dieses Mal wurde speziell die Leistung in den Projekten f\u00fcr die Anlagenbauprojekte \u201eVerlagerung und Integration der Produktionsanlage Rohkarosserie und Endmontage des \u201eOpel Combo\u201c in Zaragoza\u201c ausgezeichnet.<\/p>\n","protected":false},"excerpt":{"rendered":"<div class=\"tmnf_excerpt\"><p>Fulda. Das EDAG Tochterunternehmen FFT EDAG Produktionssysteme GmbH &amp; Co. KG wurde f\u00fcr ihre Leistungen im vergangenen Jahr 2007 von General Motors und Mercedes Benz, South Africa ausgezeichnet.<\/p>\n<\/div>","protected":false},"author":1,"featured_media":0,"comment_status":"closed","ping_status":"closed","sticky":false,"template":"","format":"standard","meta":{"footnotes":""},"categories":[1],"tags":[],"class_list":["post-9769","post","type-post","status-publish","format-standard","hentry","category-startseite"],"_links":{"self":[{"href":"https:\/\/www.fuldaernachrichten.de\/index.php?rest_route=\/wp\/v2\/posts\/9769","targetHints":{"allow":["GET"]}}],"collection":[{"href":"https:\/\/www.fuldaernachrichten.de\/index.php?rest_route=\/wp\/v2\/posts"}],"about":[{"href":"https:\/\/www.fuldaernachrichten.de\/index.php?rest_route=\/wp\/v2\/types\/post"}],"author":[{"embeddable":true,"href":"https:\/\/www.fuldaernachrichten.de\/index.php?rest_route=\/wp\/v2\/users\/1"}],"replies":[{"embeddable":true,"href":"https:\/\/www.fuldaernachrichten.de\/index.php?rest_route=%2Fwp%2Fv2%2Fcomments&post=9769"}],"version-history":[{"count":0,"href":"https:\/\/www.fuldaernachrichten.de\/index.php?rest_route=\/wp\/v2\/posts\/9769\/revisions"}],"wp:attachment":[{"href":"https:\/\/www.fuldaernachrichten.de\/index.php?rest_route=%2Fwp%2Fv2%2Fmedia&parent=9769"}],"wp:term":[{"taxonomy":"category","embeddable":true,"href":"https:\/\/www.fuldaernachrichten.de\/index.php?rest_route=%2Fwp%2Fv2%2Fcategories&post=9769"},{"taxonomy":"post_tag","embeddable":true,"href":"https:\/\/www.fuldaernachrichten.de\/index.php?rest_route=%2Fwp%2Fv2%2Ftags&post=9769"}],"curies":[{"name":"wp","href":"https:\/\/api.w.org\/{rel}","templated":true}]}}