{"id":97686,"date":"2012-04-28T00:10:25","date_gmt":"2012-04-28T00:10:25","guid":{"rendered":"http:\/\/www.fuldaer-nachrichten.de\/?p=97686"},"modified":"2012-04-27T18:17:42","modified_gmt":"2012-04-27T18:17:42","slug":"girls-boysday-2012-in-der-stadtverwaltung-fulda","status":"publish","type":"post","link":"https:\/\/www.fuldaernachrichten.de\/?p=97686","title":{"rendered":"Girls&#8217; &#038; Boys&#8217;Day 2012 in der Stadtverwaltung Fulda"},"content":{"rendered":"<p><a href=\"http:\/\/www.fuldaer-nachrichten.de\/wp-content\/uploads\/2012\/04\/DSC_0001.jpg\"><img decoding=\"async\" class=\"alignleft size-thumbnail wp-image-97687\" title=\"DSC_0001\" src=\"http:\/\/www.fuldaer-nachrichten.de\/wp-content\/uploads\/2012\/04\/DSC_0001-265x175.jpg\" alt=\"\" width=\"265\" height=\"175\" srcset=\"https:\/\/www.fuldaernachrichten.de\/wp-content\/uploads\/2012\/04\/DSC_0001-265x175.jpg 265w, https:\/\/www.fuldaernachrichten.de\/wp-content\/uploads\/2012\/04\/DSC_0001.jpg 600w\" sizes=\"(max-width: 265px) 100vw, 265px\" \/><\/a>Fulda (cp). Der Girls&#8217; &amp; Boys&#8217;Day bei der Stadtverwaltung Fulda war auch in diesem Jahr wieder ein voller Erfolg. Insgesamt 118 Sch\u00fclerinnen und Sch\u00fcler hatten einen Tag lang die Gelegenheit, in die unterschiedlichsten \u00c4mter im Stadtschloss und in einigen Au\u00dfenstellen \u2013 so zum Beispiel im Betriebsamt, der Feuerwehr und in der Abteilung Stra\u00dfenverkehr und Parken des Rechts- und Ordnungsamtes \u2013 hinein zu schnuppern. <!--more--><\/p>\n<p>\u201eIch w\u00fcnsche Euch viele spannende Einblicke und vielleicht findet Ihr heute auch schon eine kleine Anregung f\u00fcr Eure sp\u00e4tere Berufsentscheidung\u201c, mit diesen Worten begr\u00fc\u00dfte Oberb\u00fcrgermeister Gerhard M\u00f6ller die M\u00e4dchen und Jungen, die in der Stadtverwaltung ihren Tag verbrachten. Bevor es in die verschiedenen \u00c4mter ging, erhielten sie von den Auszubildenden eine \u00dcbersicht \u00fcber die Ausbildungsm\u00f6glichkeiten bei der Stadt und machten mit ihnen einen Rundgang durch das Stadtschloss.<\/p>\n<p><strong>Pressearbeit und Parcours in der Jugendkulturfabrik<\/strong><br \/>\n<a href=\"http:\/\/www.fuldaer-nachrichten.de\/wp-content\/uploads\/2012\/04\/DPP_0007_Jugendamt.jpg\"><img decoding=\"async\" class=\"alignleft size-thumbnail wp-image-97689\" title=\"DPP_0007_Jugendamt\" src=\"http:\/\/www.fuldaer-nachrichten.de\/wp-content\/uploads\/2012\/04\/DPP_0007_Jugendamt-265x176.jpg\" alt=\"\" width=\"265\" height=\"176\" srcset=\"https:\/\/www.fuldaernachrichten.de\/wp-content\/uploads\/2012\/04\/DPP_0007_Jugendamt-265x176.jpg 265w, https:\/\/www.fuldaernachrichten.de\/wp-content\/uploads\/2012\/04\/DPP_0007_Jugendamt.jpg 600w\" sizes=\"(max-width: 265px) 100vw, 265px\" \/><\/a> \u201eIch bin begeistert, wie vielseitig die Arbeit in einer Pressestelle sein kann\u201c, erkl\u00e4rte der 13-j\u00e4hrige Josef Diegelmann, der sich zusammen mit dem 15-j\u00e4hrigen Robin Schmier \u00fcber die Aufgaben der Magistratspressestelle informierte, Bilder von der Schlosskapelle machte und den Entwurf einer Pressemitteilung vorbereitete. Einen interessanten Tag hatten auch die 25 M\u00e4dchen und 41 Jungen aus unterschiedlichen Fuldaer Schulen, die am Projekttag der Kinder- und Jugendf\u00f6rderung in der Jugendkulturfabrik teilnahmen.<\/p>\n<p>Auf dem Programm stand ein abwechslungsreicher Parcours mit acht Stationen, bei dem unterschiedliche T\u00e4tigkeiten aus den Bereichen Haushalt und Freizeit \u2013 wie M\u00fcll sortieren, Preise sch\u00e4tzen, Fenster putzen oder Fahrradschlauch reparieren \u2013 bew\u00e4ltigt werden musste. In nach M\u00e4dchen und Jungen getrennten Gruppen wurden die einzelnen Aufgaben gel\u00f6st und bewertet. In einem abschlie\u00dfenden World-Caf\u00e9 diskutierten sie \u00fcber angeblich typisch weibliche\/typisch m\u00e4nnliche T\u00e4tigkeiten und Rollenbilder.<\/p>\n<p><strong>Musikschule und Feuerwehr<\/strong><br \/>\n<a href=\"http:\/\/www.fuldaer-nachrichten.de\/wp-content\/uploads\/2012\/04\/Girlsday-2012-009.jpg\"><img fetchpriority=\"high\" decoding=\"async\" class=\"alignleft size-thumbnail wp-image-97688\" title=\"Girlsday 2012 009\" src=\"http:\/\/www.fuldaer-nachrichten.de\/wp-content\/uploads\/2012\/04\/Girlsday-2012-009-265x198.jpg\" alt=\"\" width=\"265\" height=\"198\" srcset=\"https:\/\/www.fuldaernachrichten.de\/wp-content\/uploads\/2012\/04\/Girlsday-2012-009-265x198.jpg 265w, https:\/\/www.fuldaernachrichten.de\/wp-content\/uploads\/2012\/04\/Girlsday-2012-009.jpg 600w\" sizes=\"(max-width: 265px) 100vw, 265px\" \/><\/a>Bei der Musikschule der Stadt Fulda erhielten die M\u00e4dchen und Jungen zun\u00e4chst eine Einf\u00fchrung in das umfassende Angebot der Musikschule \u2013 den Elementarbereich, die altersgerechte Ausbildung an den Instrumenten, den Ensemblebereich und die studienvorbereitende Ausbildung mit Haupt-, Nebeninstrument sowie die Theorieausbildung. Anschlie\u00dfend haben sie erfahren, wie eine musikalische Berufsausbildung verl\u00e4uft und welche Inhalte diese hat, so dass die Jugendlichen gut vorbereitet im Musikschulunterricht hospitieren konnten.<\/p>\n<p>Dabei hatten sie auch die Gelegenheit, eigene Versuche an diversen Instrumenten zu wagen. Bei der Feuerwehr Fulda erhielten die Sch\u00fclerinnen und Sch\u00fcler spannende Einblicke in die verschiedenen Bereiche des Brandschutzamtes. Sie konnten sich vor Ort \u00fcber den vorbeugenden Brand- und Gefahrenschutz informieren, die Atemschutzwerkstatt anschauen und sehen, wie die Leitstelle Fulda als zentrale Leitstelle f\u00fcr Stadt und Landkreis Fulda funktioniert.<\/p>\n","protected":false},"excerpt":{"rendered":"<div class=\"tmnf_excerpt\"><p>Fulda (cp). Der Girls&#8217; &amp; Boys&#8217;Day bei der Stadtverwaltung Fulda war auch in diesem Jahr wieder ein voller Erfolg. Insgesamt 118 Sch\u00fclerinnen und Sch\u00fcler hatten einen Tag lang die Gelegenheit, in die unterschiedlichsten \u00c4mter im Stadtschloss und in einigen Au\u00dfenstellen \u2013 so zum Beispiel im Betriebsamt, der Feuerwehr und in der Abteilung Stra\u00dfenverkehr und Parken &hellip;<\/p>\n<\/div>","protected":false},"author":1,"featured_media":0,"comment_status":"closed","ping_status":"closed","sticky":false,"template":"","format":"standard","meta":{"footnotes":""},"categories":[1,53],"tags":[],"class_list":["post-97686","post","type-post","status-publish","format-standard","hentry","category-startseite","category-bildung"],"_links":{"self":[{"href":"https:\/\/www.fuldaernachrichten.de\/index.php?rest_route=\/wp\/v2\/posts\/97686","targetHints":{"allow":["GET"]}}],"collection":[{"href":"https:\/\/www.fuldaernachrichten.de\/index.php?rest_route=\/wp\/v2\/posts"}],"about":[{"href":"https:\/\/www.fuldaernachrichten.de\/index.php?rest_route=\/wp\/v2\/types\/post"}],"author":[{"embeddable":true,"href":"https:\/\/www.fuldaernachrichten.de\/index.php?rest_route=\/wp\/v2\/users\/1"}],"replies":[{"embeddable":true,"href":"https:\/\/www.fuldaernachrichten.de\/index.php?rest_route=%2Fwp%2Fv2%2Fcomments&post=97686"}],"version-history":[{"count":0,"href":"https:\/\/www.fuldaernachrichten.de\/index.php?rest_route=\/wp\/v2\/posts\/97686\/revisions"}],"wp:attachment":[{"href":"https:\/\/www.fuldaernachrichten.de\/index.php?rest_route=%2Fwp%2Fv2%2Fmedia&parent=97686"}],"wp:term":[{"taxonomy":"category","embeddable":true,"href":"https:\/\/www.fuldaernachrichten.de\/index.php?rest_route=%2Fwp%2Fv2%2Fcategories&post=97686"},{"taxonomy":"post_tag","embeddable":true,"href":"https:\/\/www.fuldaernachrichten.de\/index.php?rest_route=%2Fwp%2Fv2%2Ftags&post=97686"}],"curies":[{"name":"wp","href":"https:\/\/api.w.org\/{rel}","templated":true}]}}