{"id":9768,"date":"2008-06-09T00:13:39","date_gmt":"2008-06-08T22:13:39","guid":{"rendered":"http:\/\/www.schoene-nachrichten.de\/?p=9768"},"modified":"2008-06-08T22:45:15","modified_gmt":"2008-06-08T20:45:15","slug":"hochschule-fulda-laedt-ein-zu-tagen-der-forschung","status":"publish","type":"post","link":"https:\/\/www.fuldaernachrichten.de\/?p=9768","title":{"rendered":"Hochschule Fulda l\u00e4dt ein zu Tagen der Forschung"},"content":{"rendered":"<p><strong>Fulda.<\/strong> Wie lang ist die Nordseek\u00fcste? Hilft Sport Kindern mit Aufmerksamkeitsdefizit-syndrom? Was wissen die Bewohner des Stadtteils Fulda-Kohlhaus \u00fcber Gesundheit und Ern\u00e4hrung? Und wie k\u00f6nnen Gefahrg\u00fcter k\u00fcnftig sicherer transportiert werden? Die Hochschule Fulda l\u00e4dt interessierte B\u00fcrgerinnen und B\u00fcrger, Kinder und Erwachsene vom 9. bis 14. Juni zu den Tagen der Forschung in die Sparkasse Fulda, Buttermarkt 2-6, ein. <!--more--><\/p>\n<p>Gleich zwei Ausstellungen gibt es in diesem Jahr zu sehen. Am 9. Juni \u00f6ffnet die Ausstellung \u201eMathematik zum Anfassen\u201c ihre Pforten. Kinder wie Erwachsene haben hier die M\u00f6glichkeit \u2013 jenseits von Formeln und Gleichungen \u2013 mathematische Experimente durchzuf\u00fchren und dabei festzustellen, wie praxisnah Mathematik sein kann. Die Exponate sind Teil der Wanderausstellung des Mathematikums in Gie\u00dfen.<\/p>\n<p>Ab 12. Juni pr\u00e4sentieren sich zudem 13 Forschungsprojekte aus den acht Fachbereichen der Hochschule Fulda. \u201eWir wollen der \u00d6ffentlichkeit in der Region einen Blick in unsere Forschungsarbeit gew\u00e4hren\u201c, erl\u00e4utert Prof. Dr. Karim Khakzar, Vizepr\u00e4sident der Hochschule Fulda, die Zielsetzung der Veranstaltung. \u201eDabei ist uns wichtig zu zeigen: Unsere Forschungsprojekte besch\u00e4ftigen sich mit Fragen, die einen ganz engen Bezug zum Alltag haben.\u201c<\/p>\n<p>Wer weiteren Details auf die Spur kommen will, kann sein Wissen in erg\u00e4nzenden Vortragsveranstaltungen zu beiden Ausstellungen vertiefen. Die einzelnen Vortr\u00e4ge sind ebenso wie die verschiedenen Forschungsprojekte dem Programmheft zu entnehmen, das unter <a href=\"http:\/\/www.hs-fulda.de\/forschungstage\" target=\"_blank\">www.hs-fulda.de\/forschungstage<\/a> herunterzuladen ist.<\/p>\n","protected":false},"excerpt":{"rendered":"<div class=\"tmnf_excerpt\"><p>Fulda. Wie lang ist die Nordseek\u00fcste? Hilft Sport Kindern mit Aufmerksamkeitsdefizit-syndrom? Was wissen die Bewohner des Stadtteils Fulda-Kohlhaus \u00fcber Gesundheit und Ern\u00e4hrung? Und wie k\u00f6nnen Gefahrg\u00fcter k\u00fcnftig sicherer transportiert werden? Die Hochschule Fulda l\u00e4dt interessierte B\u00fcrgerinnen und B\u00fcrger, Kinder und Erwachsene vom 9. bis 14. Juni zu den Tagen der Forschung in die Sparkasse Fulda, &hellip;<\/p>\n<\/div>","protected":false},"author":1,"featured_media":0,"comment_status":"closed","ping_status":"closed","sticky":false,"template":"","format":"standard","meta":{"footnotes":""},"categories":[1,53,48],"tags":[],"class_list":["post-9768","post","type-post","status-publish","format-standard","hentry","category-startseite","category-bildung","category-forschung"],"_links":{"self":[{"href":"https:\/\/www.fuldaernachrichten.de\/index.php?rest_route=\/wp\/v2\/posts\/9768","targetHints":{"allow":["GET"]}}],"collection":[{"href":"https:\/\/www.fuldaernachrichten.de\/index.php?rest_route=\/wp\/v2\/posts"}],"about":[{"href":"https:\/\/www.fuldaernachrichten.de\/index.php?rest_route=\/wp\/v2\/types\/post"}],"author":[{"embeddable":true,"href":"https:\/\/www.fuldaernachrichten.de\/index.php?rest_route=\/wp\/v2\/users\/1"}],"replies":[{"embeddable":true,"href":"https:\/\/www.fuldaernachrichten.de\/index.php?rest_route=%2Fwp%2Fv2%2Fcomments&post=9768"}],"version-history":[{"count":0,"href":"https:\/\/www.fuldaernachrichten.de\/index.php?rest_route=\/wp\/v2\/posts\/9768\/revisions"}],"wp:attachment":[{"href":"https:\/\/www.fuldaernachrichten.de\/index.php?rest_route=%2Fwp%2Fv2%2Fmedia&parent=9768"}],"wp:term":[{"taxonomy":"category","embeddable":true,"href":"https:\/\/www.fuldaernachrichten.de\/index.php?rest_route=%2Fwp%2Fv2%2Fcategories&post=9768"},{"taxonomy":"post_tag","embeddable":true,"href":"https:\/\/www.fuldaernachrichten.de\/index.php?rest_route=%2Fwp%2Fv2%2Ftags&post=9768"}],"curies":[{"name":"wp","href":"https:\/\/api.w.org\/{rel}","templated":true}]}}