{"id":97678,"date":"2012-04-28T00:13:01","date_gmt":"2012-04-28T00:13:01","guid":{"rendered":"http:\/\/www.fuldaer-nachrichten.de\/?p=97678"},"modified":"2012-04-27T18:06:17","modified_gmt":"2012-04-27T18:06:17","slug":"der-mai-beginnt-mit-orgel-plus","status":"publish","type":"post","link":"https:\/\/www.fuldaernachrichten.de\/?p=97678","title":{"rendered":"Der Mai beginnt mit Orgel Plus"},"content":{"rendered":"<p><a href=\"http:\/\/www.fuldaer-nachrichten.de\/wp-content\/uploads\/2012\/04\/Orgel-Plus-Konzert.jpg\"><img decoding=\"async\" class=\"alignleft size-thumbnail wp-image-97679\" title=\"Orgel Plus Konzert\" src=\"http:\/\/www.fuldaer-nachrichten.de\/wp-content\/uploads\/2012\/04\/Orgel-Plus-Konzert-265x175.jpg\" alt=\"\" width=\"265\" height=\"175\" srcset=\"https:\/\/www.fuldaernachrichten.de\/wp-content\/uploads\/2012\/04\/Orgel-Plus-Konzert-265x175.jpg 265w, https:\/\/www.fuldaernachrichten.de\/wp-content\/uploads\/2012\/04\/Orgel-Plus-Konzert.jpg 600w\" sizes=\"(max-width: 265px) 100vw, 265px\" \/><\/a>Fulda. Der Verein Fuldaer Orgelb\u00fchne e.V. l\u00e4dt herzlich zum Orgel Plus Konzert am 2. Mai um 19.00 Uhr auf die Aulab\u00fchne der Winfriedschule Fulda ein. Der schul\u00fcbergreifende Musikleistungskurs unter der Leitung von Katja M\u00f6ller und der Musikgrundkurs der Winfriedschule (Jahrgangsstufe 13) gestalten den Abend in ganz unterschiedlichen Besetzungen. Es werden Werke aus f\u00fcnf Jahrhunderten, unter anderem von Brahms, Liszt, Strauss und Rheinberger sowie Improvisationen, eigene Kompositionen und modernere Songs zu h\u00f6ren sein. Der Eintritt ist frei, um Spenden zur Erhaltung der historischen Hahner-Klais-Krawinkel-Orgel der Winfriedschule wird gebeten.<\/p>\n","protected":false},"excerpt":{"rendered":"<div class=\"tmnf_excerpt\"><p>Fulda. Der Verein Fuldaer Orgelb\u00fchne e.V. l\u00e4dt herzlich zum Orgel Plus Konzert am 2. Mai um 19.00 Uhr auf die Aulab\u00fchne der Winfriedschule Fulda ein. Der schul\u00fcbergreifende Musikleistungskurs unter der Leitung von Katja M\u00f6ller und der Musikgrundkurs der Winfriedschule (Jahrgangsstufe 13) gestalten den Abend in ganz unterschiedlichen Besetzungen. Es werden Werke aus f\u00fcnf Jahrhunderten, unter &hellip;<\/p>\n<\/div>","protected":false},"author":1,"featured_media":0,"comment_status":"closed","ping_status":"closed","sticky":false,"template":"","format":"standard","meta":{"footnotes":""},"categories":[1,44],"tags":[],"class_list":["post-97678","post","type-post","status-publish","format-standard","hentry","category-startseite","category-kultur"],"_links":{"self":[{"href":"https:\/\/www.fuldaernachrichten.de\/index.php?rest_route=\/wp\/v2\/posts\/97678","targetHints":{"allow":["GET"]}}],"collection":[{"href":"https:\/\/www.fuldaernachrichten.de\/index.php?rest_route=\/wp\/v2\/posts"}],"about":[{"href":"https:\/\/www.fuldaernachrichten.de\/index.php?rest_route=\/wp\/v2\/types\/post"}],"author":[{"embeddable":true,"href":"https:\/\/www.fuldaernachrichten.de\/index.php?rest_route=\/wp\/v2\/users\/1"}],"replies":[{"embeddable":true,"href":"https:\/\/www.fuldaernachrichten.de\/index.php?rest_route=%2Fwp%2Fv2%2Fcomments&post=97678"}],"version-history":[{"count":0,"href":"https:\/\/www.fuldaernachrichten.de\/index.php?rest_route=\/wp\/v2\/posts\/97678\/revisions"}],"wp:attachment":[{"href":"https:\/\/www.fuldaernachrichten.de\/index.php?rest_route=%2Fwp%2Fv2%2Fmedia&parent=97678"}],"wp:term":[{"taxonomy":"category","embeddable":true,"href":"https:\/\/www.fuldaernachrichten.de\/index.php?rest_route=%2Fwp%2Fv2%2Fcategories&post=97678"},{"taxonomy":"post_tag","embeddable":true,"href":"https:\/\/www.fuldaernachrichten.de\/index.php?rest_route=%2Fwp%2Fv2%2Ftags&post=97678"}],"curies":[{"name":"wp","href":"https:\/\/api.w.org\/{rel}","templated":true}]}}