{"id":97676,"date":"2012-04-28T00:11:12","date_gmt":"2012-04-28T00:11:12","guid":{"rendered":"http:\/\/www.fuldaer-nachrichten.de\/?p=97676"},"modified":"2012-04-27T18:01:08","modified_gmt":"2012-04-27T18:01:08","slug":"vortragsveranstaltung-der-gfw-sektion-fulda-am-09-mai-2012","status":"publish","type":"post","link":"https:\/\/www.fuldaernachrichten.de\/?p=97676","title":{"rendered":"Vortragsveranstaltung der GfW-Sektion Fulda am 09. Mai 2012"},"content":{"rendered":"<p>Fulda. Die Gesellschaft f\u00fcr Wehr- und Sicherheitspolitik, Sektion Fulda, l\u00e4dt zu einem Vortrag am Mittwoch, dem 09. Mai 2012, um 19.30 Uhr, im Brauereigasthof \u201eFelsenkeller\u201c, Leipziger Str. 12, in Fulda ein. Zum Thema: \u201eAls Leiter des Deutschen Polizeiprojektes in KUNDUZ\/Afghanistan\u201c spricht Herr Polizeioberrat Sven Mewes, stellvertretender Dienststellenleiter der Bundespolizeiinspektion Flughafen D\u00fcsseldorf.\u00c2\u00a0 Zu dieser \u00f6ffentlichen Veranstaltung mit anschlie\u00dfender Diskussion sind interessierte G\u00e4ste herzlich willkommen. Ausf\u00fchrliche Information auch unter: <a href=\"http:\/\/www.gfw-lb4.de\/fulda\">www.gfw-lb4.de\/fulda<\/a><\/p>\n","protected":false},"excerpt":{"rendered":"<div class=\"tmnf_excerpt\"><p>Fulda. Die Gesellschaft f\u00fcr Wehr- und Sicherheitspolitik, Sektion Fulda, l\u00e4dt zu einem Vortrag am Mittwoch, dem 09. Mai 2012, um 19.30 Uhr, im Brauereigasthof \u201eFelsenkeller\u201c, Leipziger Str. 12, in Fulda ein. Zum Thema: \u201eAls Leiter des Deutschen Polizeiprojektes in KUNDUZ\/Afghanistan\u201c spricht Herr Polizeioberrat Sven Mewes, stellvertretender Dienststellenleiter der Bundespolizeiinspektion Flughafen D\u00fcsseldorf.\u00c2\u00a0 Zu dieser \u00f6ffentlichen Veranstaltung &hellip;<\/p>\n<\/div>","protected":false},"author":1,"featured_media":0,"comment_status":"closed","ping_status":"closed","sticky":false,"template":"","format":"standard","meta":{"footnotes":""},"categories":[1,29],"tags":[],"class_list":["post-97676","post","type-post","status-publish","format-standard","hentry","category-startseite","category-politik"],"_links":{"self":[{"href":"https:\/\/www.fuldaernachrichten.de\/index.php?rest_route=\/wp\/v2\/posts\/97676","targetHints":{"allow":["GET"]}}],"collection":[{"href":"https:\/\/www.fuldaernachrichten.de\/index.php?rest_route=\/wp\/v2\/posts"}],"about":[{"href":"https:\/\/www.fuldaernachrichten.de\/index.php?rest_route=\/wp\/v2\/types\/post"}],"author":[{"embeddable":true,"href":"https:\/\/www.fuldaernachrichten.de\/index.php?rest_route=\/wp\/v2\/users\/1"}],"replies":[{"embeddable":true,"href":"https:\/\/www.fuldaernachrichten.de\/index.php?rest_route=%2Fwp%2Fv2%2Fcomments&post=97676"}],"version-history":[{"count":1,"href":"https:\/\/www.fuldaernachrichten.de\/index.php?rest_route=\/wp\/v2\/posts\/97676\/revisions"}],"predecessor-version":[{"id":97677,"href":"https:\/\/www.fuldaernachrichten.de\/index.php?rest_route=\/wp\/v2\/posts\/97676\/revisions\/97677"}],"wp:attachment":[{"href":"https:\/\/www.fuldaernachrichten.de\/index.php?rest_route=%2Fwp%2Fv2%2Fmedia&parent=97676"}],"wp:term":[{"taxonomy":"category","embeddable":true,"href":"https:\/\/www.fuldaernachrichten.de\/index.php?rest_route=%2Fwp%2Fv2%2Fcategories&post=97676"},{"taxonomy":"post_tag","embeddable":true,"href":"https:\/\/www.fuldaernachrichten.de\/index.php?rest_route=%2Fwp%2Fv2%2Ftags&post=97676"}],"curies":[{"name":"wp","href":"https:\/\/api.w.org\/{rel}","templated":true}]}}