{"id":97674,"date":"2012-04-28T00:10:59","date_gmt":"2012-04-28T00:10:59","guid":{"rendered":"http:\/\/www.fuldaer-nachrichten.de\/?p=97674"},"modified":"2012-04-27T17:59:58","modified_gmt":"2012-04-27T17:59:58","slug":"boys-day-in-der-mutze","status":"publish","type":"post","link":"https:\/\/www.fuldaernachrichten.de\/?p=97674","title":{"rendered":"Boy\u00e2\u20ac\u2122s Day in Der M\u00dcTZE"},"content":{"rendered":"<p><strong><\/strong><a href=\"http:\/\/www.fuldaer-nachrichten.de\/wp-content\/uploads\/2012\/04\/April-M\u00e4rz-2012-011.jpg\"><img fetchpriority=\"high\" decoding=\"async\" class=\"alignleft size-thumbnail wp-image-97675\" title=\"April  M\u00e4rz 2012 011\" src=\"http:\/\/www.fuldaer-nachrichten.de\/wp-content\/uploads\/2012\/04\/April-M\u00e4rz-2012-011-265x198.jpg\" alt=\"\" width=\"265\" height=\"198\" \/><\/a>Fulda. Im M\u00fctterzentrum \u201eDie M\u00dcTZE\u201c, Gallasiniring 8, in Fulda hatten zwei Jungs die Gelegenheit in den Beruf der Erzieherin zu schnuppern. Sie konnten Einblick in die Arbeit der U3-Kinderbetreuungsgruppe \u201eMarienk\u00e4fer\u201c und in die Mini-Kiga Gruppe \u201eDie Fl\u00f6he\u201c nehmen. Die beiden hatten viel Spa\u00df beim Singen, Spielen, Basteln, Fr\u00fchst\u00fccken und gemeinsamen Spazierengehen mit den Kindern und wurden auch von den Kindern begeistert aufgenommen.<\/p>\n","protected":false},"excerpt":{"rendered":"<div class=\"tmnf_excerpt\"><p>Fulda. Im M\u00fctterzentrum \u201eDie M\u00dcTZE\u201c, Gallasiniring 8, in Fulda hatten zwei Jungs die Gelegenheit in den Beruf der Erzieherin zu schnuppern. Sie konnten Einblick in die Arbeit der U3-Kinderbetreuungsgruppe \u201eMarienk\u00e4fer\u201c und in die Mini-Kiga Gruppe \u201eDie Fl\u00f6he\u201c nehmen. Die beiden hatten viel Spa\u00df beim Singen, Spielen, Basteln, Fr\u00fchst\u00fccken und gemeinsamen Spazierengehen mit den Kindern und &hellip;<\/p>\n<\/div>","protected":false},"author":1,"featured_media":0,"comment_status":"closed","ping_status":"closed","sticky":false,"template":"","format":"standard","meta":{"footnotes":""},"categories":[1,53],"tags":[],"class_list":["post-97674","post","type-post","status-publish","format-standard","hentry","category-startseite","category-bildung"],"_links":{"self":[{"href":"https:\/\/www.fuldaernachrichten.de\/index.php?rest_route=\/wp\/v2\/posts\/97674","targetHints":{"allow":["GET"]}}],"collection":[{"href":"https:\/\/www.fuldaernachrichten.de\/index.php?rest_route=\/wp\/v2\/posts"}],"about":[{"href":"https:\/\/www.fuldaernachrichten.de\/index.php?rest_route=\/wp\/v2\/types\/post"}],"author":[{"embeddable":true,"href":"https:\/\/www.fuldaernachrichten.de\/index.php?rest_route=\/wp\/v2\/users\/1"}],"replies":[{"embeddable":true,"href":"https:\/\/www.fuldaernachrichten.de\/index.php?rest_route=%2Fwp%2Fv2%2Fcomments&post=97674"}],"version-history":[{"count":0,"href":"https:\/\/www.fuldaernachrichten.de\/index.php?rest_route=\/wp\/v2\/posts\/97674\/revisions"}],"wp:attachment":[{"href":"https:\/\/www.fuldaernachrichten.de\/index.php?rest_route=%2Fwp%2Fv2%2Fmedia&parent=97674"}],"wp:term":[{"taxonomy":"category","embeddable":true,"href":"https:\/\/www.fuldaernachrichten.de\/index.php?rest_route=%2Fwp%2Fv2%2Fcategories&post=97674"},{"taxonomy":"post_tag","embeddable":true,"href":"https:\/\/www.fuldaernachrichten.de\/index.php?rest_route=%2Fwp%2Fv2%2Ftags&post=97674"}],"curies":[{"name":"wp","href":"https:\/\/api.w.org\/{rel}","templated":true}]}}