{"id":97671,"date":"2012-04-28T00:10:51","date_gmt":"2012-04-28T00:10:51","guid":{"rendered":"http:\/\/www.fuldaer-nachrichten.de\/?p=97671"},"modified":"2012-04-27T17:57:04","modified_gmt":"2012-04-27T17:57:04","slug":"wasser-und-bodenverband-fulda-setzt-auf-kontinuitat-in-der-kooperation-mit-landwirten","status":"publish","type":"post","link":"https:\/\/www.fuldaernachrichten.de\/?p=97671","title":{"rendered":"Wasser- und Bodenverband Fulda setzt auf Kontinuit\u00e4t in der Kooperation mit Landwirten"},"content":{"rendered":"<p><a href=\"http:\/\/www.fuldaer-nachrichten.de\/wp-content\/uploads\/2012\/04\/199-Wasser-und-Bodenverband-1.jpg\"><img fetchpriority=\"high\" decoding=\"async\" class=\"alignleft size-thumbnail wp-image-97672\" title=\"199-Wasser- und Bodenverband 1\" src=\"http:\/\/www.fuldaer-nachrichten.de\/wp-content\/uploads\/2012\/04\/199-Wasser-und-Bodenverband-1-265x198.jpg\" alt=\"\" width=\"265\" height=\"198\" srcset=\"https:\/\/www.fuldaernachrichten.de\/wp-content\/uploads\/2012\/04\/199-Wasser-und-Bodenverband-1-265x198.jpg 265w, https:\/\/www.fuldaernachrichten.de\/wp-content\/uploads\/2012\/04\/199-Wasser-und-Bodenverband-1.jpg 600w\" sizes=\"(max-width: 265px) 100vw, 265px\" \/><\/a>Fulda. Nahezu 500 Mitglieder, 18.000 Hektar Fl\u00e4che, ein umfangreicher Maschinenpark zur Nutzung durch landwirtschaftliche Betriebe, personalgest\u00fctzte Dienstleistungen und Ideengeber f\u00fcr die Bioenergie-Nutzung \u2013 so lautet die stolze Bilanz des Wasser- und Bodenverbandes (WBV) Fulda im Jahr 2012.<\/p>\n<p><strong>Foto:<\/strong> Bickert<!--more-->Als K\u00f6rperschaft des \u00f6ffentlichen Rechts 1973 zur Unterst\u00fctzung der heimischen Landwirte gegr\u00fcndet, ist der Verband heute als anerkannter, verl\u00e4sslicher Partner und Ratgeber aus vielen landwirtschaftlichen Betrieben kaum mehr wegzudenken. Im Gegensatz zu rein wirtschaftlich handelnden Unternehmen ist er nicht in erster Linie auf Gewinnmaximierung ausgerichtet.<\/p>\n<p>Dr. Helmut Kimpel-Freund, Gesch\u00e4ftsf\u00fchrer des WBV Fulda, ist selbst gelernter Landwirt und promovierter Agrarwissenschaftler. Er wei\u00df, wovon er spricht, wenn er sagt: \u201eEin einzelner Landwirt kann sich aus wirtschaftlichen Gr\u00fcnden heutzutage keinen kompletten Fuhrpark f\u00fcr die unterschiedlichen Erntevorkommen mehr leisten. Wir verstehen unsere Aufgabe darin, den Bed\u00fcrfnissen der Landwirte zu entsprechen\u201c, sagt der 45-J\u00e4hrige.<\/p>\n<p>Der Verband sorgt f\u00fcr gemeinsame Anschaffung von Maschinen, die \u00fcber ein g\u00fcnstiges Kostenverteilungssystem je nach individueller Mitgliedsfl\u00e4che und unter Ber\u00fccksichtigung der Fixkosten wie Zins und Tilgung sowie Instandhaltung, Pflege und Kraftstoff \u00fcber acht Jahre hinweg genutzt werden k\u00f6nnen.<\/p>\n<p>\u201eBei der Beteiligung spielt es keine Rolle, ob es sich um einen kleinen, mittleren oder gro\u00dfen Betrieb handelt\u201c, erl\u00e4utert Dr. Kimpel-Freund. \u201eJeder Landwirt kann in den Verband eintreten, zahlt ein Mitgliederdarlehen von etwa 76 Euro, das er bei Austritt zur\u00fcckbekommt, und ungef\u00e4hr 1,20 Euro pro Hektar Fl\u00e4che, bei einer maximalen Summe von 300 Euro.\u201c Neben der Bereitstellung des landwirtschaftlichen Fuhrparks stellt der Verband bei Bedarf auch personalgest\u00fctzte Dienstleistungen wie beispielsweise die Silagebergung zur Verf\u00fcgung.<\/p>\n<p>Doch der Wasser- und Bodenverband Fulda ist nicht nur ein kompetenter Partner in landwirtschaftlichen Belangen, sondern f\u00fchrt bereits seit 1994 im Auftrag des Landkreises Fulda die Gr\u00fcnschnittkompostierung durch. \u201eWir nehmen die Gr\u00fcnabf\u00e4lle entgegen, zerkleinern sie und nach der Hygienisierung entsteht \u00fcber aerobe Kompostierung ein Mehrn\u00e4hrstoffd\u00fcnger, der sowohl Einzelverbrauchern als auch Landwirten zur Verf\u00fcgung gestellt wird\u201c, erkl\u00e4rt der Gesch\u00e4ftsf\u00fchrer und f\u00fcgt hinzu: \u201eNeben der Kompostierung gibt es auch bei der Kl\u00e4rschlammverwertung eine enge Zusammenarbeit mit verschiedenen Gemeinden im Landkreis. Durch Zersetzung und Aufbereitung werden wertvolle Phosphate gesammelt und recycelt.\u201c<\/p>\n<p>F\u00fcr den erfahrenen Landwirt ist es ein pers\u00f6nlicher Antrieb, zukunftsf\u00e4hige Erzeugungs- und Absatzwege f\u00fcr seine Berufskollegen zu finden, die nicht immer nur den Maximen des Profits unterworfen sind, daf\u00fcr aber der gesamten Gesellschaft zugute kommen. F\u00fcr das Projekt \u201eBioenergie Fuldaer Land\u201c, f\u00fcr das eigens eine Gesellschaft gegr\u00fcndet wurde, fungiert der Wasser- und Bodenverband als Ideengeber. Auch bot er seinen Mitgliedern die M\u00f6glichkeit, sich daran zu beteiligen.<\/p>\n<p>Das j\u00fcngste Vorhaben, an dem der WBV mitarbeitet, ist die Erzeugung von Biogas durch die Verwertung biogener Reststoffe aus den Haushalten. Da die Kompostierungsanlage des Verbandes am Finkenberg bei Kleinl\u00fcder Gr\u00fcnabf\u00e4lle f\u00fcr den Landkreis verarbeitet, war die Zusammenarbeit mit der GWV-Tochter Biothan am dortigen Standort naheliegend. Mit der Verwertung von Abfall- und landwirtschaftlichen Produkten f\u00fcr die Erzeugung von Biogas wird f\u00fcr die Mitglieder eine neue Perspektive geschaffen und ihnen ein erfolgversprechender Weg in die Zukunft aufgezeigt.<\/p>\n","protected":false},"excerpt":{"rendered":"<div class=\"tmnf_excerpt\"><p>Fulda. Nahezu 500 Mitglieder, 18.000 Hektar Fl\u00e4che, ein umfangreicher Maschinenpark zur Nutzung durch landwirtschaftliche Betriebe, personalgest\u00fctzte Dienstleistungen und Ideengeber f\u00fcr die Bioenergie-Nutzung \u2013 so lautet die stolze Bilanz des Wasser- und Bodenverbandes (WBV) Fulda im Jahr 2012. Foto: Bickert<\/p>\n<\/div>","protected":false},"author":1,"featured_media":0,"comment_status":"closed","ping_status":"closed","sticky":false,"template":"","format":"standard","meta":{"footnotes":""},"categories":[1,29],"tags":[],"class_list":["post-97671","post","type-post","status-publish","format-standard","hentry","category-startseite","category-politik"],"_links":{"self":[{"href":"https:\/\/www.fuldaernachrichten.de\/index.php?rest_route=\/wp\/v2\/posts\/97671","targetHints":{"allow":["GET"]}}],"collection":[{"href":"https:\/\/www.fuldaernachrichten.de\/index.php?rest_route=\/wp\/v2\/posts"}],"about":[{"href":"https:\/\/www.fuldaernachrichten.de\/index.php?rest_route=\/wp\/v2\/types\/post"}],"author":[{"embeddable":true,"href":"https:\/\/www.fuldaernachrichten.de\/index.php?rest_route=\/wp\/v2\/users\/1"}],"replies":[{"embeddable":true,"href":"https:\/\/www.fuldaernachrichten.de\/index.php?rest_route=%2Fwp%2Fv2%2Fcomments&post=97671"}],"version-history":[{"count":0,"href":"https:\/\/www.fuldaernachrichten.de\/index.php?rest_route=\/wp\/v2\/posts\/97671\/revisions"}],"wp:attachment":[{"href":"https:\/\/www.fuldaernachrichten.de\/index.php?rest_route=%2Fwp%2Fv2%2Fmedia&parent=97671"}],"wp:term":[{"taxonomy":"category","embeddable":true,"href":"https:\/\/www.fuldaernachrichten.de\/index.php?rest_route=%2Fwp%2Fv2%2Fcategories&post=97671"},{"taxonomy":"post_tag","embeddable":true,"href":"https:\/\/www.fuldaernachrichten.de\/index.php?rest_route=%2Fwp%2Fv2%2Ftags&post=97671"}],"curies":[{"name":"wp","href":"https:\/\/api.w.org\/{rel}","templated":true}]}}