{"id":97656,"date":"2012-04-28T00:10:16","date_gmt":"2012-04-28T00:10:16","guid":{"rendered":"http:\/\/www.fuldaer-nachrichten.de\/?p=97656"},"modified":"2012-04-27T17:24:45","modified_gmt":"2012-04-27T17:24:45","slug":"gemeinsame-projektarbeit-fordert-partnerschaft-delegation-des-caritasverbandes-zu-gast-in-sandomierz","status":"publish","type":"post","link":"https:\/\/www.fuldaernachrichten.de\/?p=97656","title":{"rendered":"Gemeinsame Projektarbeit f\u00f6rdert Partnerschaft &#8211; Delegation des Caritasverbandes zu Gast in Sandomierz"},"content":{"rendered":"<p><a href=\"http:\/\/www.fuldaer-nachrichten.de\/wp-content\/uploads\/2012\/04\/DSC_0347.jpg\"><img decoding=\"async\" class=\"alignleft size-thumbnail wp-image-97657\" title=\"DSC_0347\" src=\"http:\/\/www.fuldaer-nachrichten.de\/wp-content\/uploads\/2012\/04\/DSC_0347-265x175.jpg\" alt=\"\" width=\"265\" height=\"175\" srcset=\"https:\/\/www.fuldaernachrichten.de\/wp-content\/uploads\/2012\/04\/DSC_0347-265x175.jpg 265w, https:\/\/www.fuldaernachrichten.de\/wp-content\/uploads\/2012\/04\/DSC_0347.jpg 592w\" sizes=\"(max-width: 265px) 100vw, 265px\" \/><\/a>Fulda. Mit einer Delegation von Mitarbeiterinnen und Mitarbeitern aus den unterschiedlichen Fachbereichen unter der Leitung von Sozialarbeiterin Monika Niestroj nahm der Caritasverband f\u00fcr die Regionen Fulda und Geisa an den Jubil\u00e4umsfeierlichkeiten \u201e20 Jahre Caritas Sandomierz\u201c der gleichnamigen Partnerdi\u00f6zese in S\u00fcdostpolen teil.<!--more--><\/p>\n<p>Der Fuldaer Bischof Heinz Josef Algermissen sowie Generalvikar Prof. Dr. Gerhard Stanke und Apostolischer Protonotar Dr. Lucian Lamza, Referat f\u00fcr weltkirchliche Aufgaben, Missio, Entwicklung, Frieden im Bistum Fulda sandten Gru\u00dfworte, die Gesch\u00e4ftsf\u00fchrer Winfried M\u00f6ller, im Anschluss an den Jubil\u00e4umsgottesdienst an Bischof Monsignore Dr. Krzysztof Nitkiewicz und Caritasdirektor Boguslaw Pitucha \u00fcberreichte. Bischof Heinz Josef Algermissen betonte in seinem Schreiben, dass er sehr froh dar\u00fcber sei, dass im Rahmen der Zusammenarbeit bereits viele freundschaftliche Begegnungen m\u00f6glich geworden seien und eine rege und intensive Projektarbeit stattfinde. Beide Caritasverb\u00e4nde haben besonders im Bereich der Behindertenarbeit und hier mit Eltern, Lehrer und Betreuer von autistischen Kindern Projekte durchgef\u00fchrt.<\/p>\n<p><a href=\"http:\/\/www.fuldaer-nachrichten.de\/wp-content\/uploads\/2012\/04\/DSC_02511.jpg\"><img decoding=\"async\" class=\"alignleft size-thumbnail wp-image-97658\" title=\"DSC_02511\" src=\"http:\/\/www.fuldaer-nachrichten.de\/wp-content\/uploads\/2012\/04\/DSC_02511-265x175.jpg\" alt=\"\" width=\"265\" height=\"175\" srcset=\"https:\/\/www.fuldaernachrichten.de\/wp-content\/uploads\/2012\/04\/DSC_02511-265x175.jpg 265w, https:\/\/www.fuldaernachrichten.de\/wp-content\/uploads\/2012\/04\/DSC_02511.jpg 592w\" sizes=\"(max-width: 265px) 100vw, 265px\" \/><\/a>Im Jahre 2010 war zum wiederholten Mal die Weichsel \u00fcber die Ufer getreten und nach dem Bruch eines Deiches mussten die s\u00fcdlichen Stadtteile evakuiert werden. Darunter waren auch das Wohnheim der Caritas f\u00fcr obdachlose M\u00e4nner, das Zentrum f\u00fcr therapeutisches Reiten, die Schule und das Rehabilitationszentrum f\u00fcr Kinder und Jugendliche mit Behinderung sowie die Kleider- und Lebensmittelausgabe f\u00fcr bed\u00fcrftige Menschen. Die Caritas Sandomierz beteiligte sich an den Evakuierungsma\u00dfnahmen, versorgte die Menschen mit Lebensmittel und Bekleidung und unterst\u00fctzte den Wiederaufbau. Viele vom Hochwasser gesch\u00e4digte und vertriebene Familien wurden in Geb\u00e4uden der Caritas im h\u00f6her gelegenen Stadtzentrum untergebracht. Der Regionalcaritasverband Fulda \u2013 Geisa unterst\u00fctzte damals die Di\u00f6zese Sandomierz durch einen Spendenaufruf f\u00fcr die betroffene Bev\u00f6lkerung und dem Wiederaufbau des Rehabilitationszentrums.<\/p>\n<p><a href=\"http:\/\/www.fuldaer-nachrichten.de\/wp-content\/uploads\/2012\/04\/DSC_02651.jpg\"><img fetchpriority=\"high\" decoding=\"async\" class=\"alignleft size-thumbnail wp-image-97659\" title=\"DSC_02651\" src=\"http:\/\/www.fuldaer-nachrichten.de\/wp-content\/uploads\/2012\/04\/DSC_02651-265x398.jpg\" alt=\"\" width=\"265\" height=\"398\" srcset=\"https:\/\/www.fuldaernachrichten.de\/wp-content\/uploads\/2012\/04\/DSC_02651-265x398.jpg 265w, https:\/\/www.fuldaernachrichten.de\/wp-content\/uploads\/2012\/04\/DSC_02651-176x265.jpg 176w, https:\/\/www.fuldaernachrichten.de\/wp-content\/uploads\/2012\/04\/DSC_02651-398x600.jpg 398w, https:\/\/www.fuldaernachrichten.de\/wp-content\/uploads\/2012\/04\/DSC_02651.jpg 592w\" sizes=\"(max-width: 265px) 100vw, 265px\" \/><\/a>Sowohl der Sandomierzer Ortsbischof, als auch der Caritasdirektor bedanken sich beim Caritasverband f\u00fcr die Regionen Fulda und Geisa e. V. f\u00fcr die seit dem Jahre 2003 bestehende Partnerschaft und die ideellen und materiellen Hilfen. Ohne die durchgef\u00fchrten Projekte und Unterst\u00fctzung h\u00e4tte der Aufbau der Behindertenarbeit in der Di\u00f6zese Sandomierz nicht so erfolgreich durchgef\u00fchrt werden k\u00f6nnen, so Caritasdirektor Boguslaw Pitucha. Sein Dank galt auch dem Bistum Fulda f\u00fcr die zur Verf\u00fcgung gestellt finanzielle Unterst\u00fctzung.<\/p>\n<p>Neben dem Besuch in Sandomierz informierte sich die Fuldaer Delegation \u00fcber die Arbeit in der Caritassozialstation in Nisko, die Arbeit mit psychischkranken Menschen in Rudnik nad Sanem, wo sie von Oberb\u00fcrgermeister Waldemar Grochowski empfangen wurde und stattete auch dem neu errichteten Zentrum des Seligen Papst Johannes Paul II. und dem Zentrum Schwester Faustyna in Krakau sowie dem Geburtsort des Papstes Wadowice einen Besuch ab. Gemeinsam mit Caritasdirektor Boguslaw Pitucha feierten die Fuldaer einen Gottesdienst im Bernhardinerkloster Sanktuarium Kalwaria Zebrzydowska.<\/p>\n","protected":false},"excerpt":{"rendered":"<div class=\"tmnf_excerpt\"><p>Fulda. Mit einer Delegation von Mitarbeiterinnen und Mitarbeitern aus den unterschiedlichen Fachbereichen unter der Leitung von Sozialarbeiterin Monika Niestroj nahm der Caritasverband f\u00fcr die Regionen Fulda und Geisa an den Jubil\u00e4umsfeierlichkeiten \u201e20 Jahre Caritas Sandomierz\u201c der gleichnamigen Partnerdi\u00f6zese in S\u00fcdostpolen teil.<\/p>\n<\/div>","protected":false},"author":1,"featured_media":0,"comment_status":"closed","ping_status":"closed","sticky":false,"template":"","format":"standard","meta":{"footnotes":""},"categories":[1,50],"tags":[],"class_list":["post-97656","post","type-post","status-publish","format-standard","hentry","category-startseite","category-kirche"],"_links":{"self":[{"href":"https:\/\/www.fuldaernachrichten.de\/index.php?rest_route=\/wp\/v2\/posts\/97656","targetHints":{"allow":["GET"]}}],"collection":[{"href":"https:\/\/www.fuldaernachrichten.de\/index.php?rest_route=\/wp\/v2\/posts"}],"about":[{"href":"https:\/\/www.fuldaernachrichten.de\/index.php?rest_route=\/wp\/v2\/types\/post"}],"author":[{"embeddable":true,"href":"https:\/\/www.fuldaernachrichten.de\/index.php?rest_route=\/wp\/v2\/users\/1"}],"replies":[{"embeddable":true,"href":"https:\/\/www.fuldaernachrichten.de\/index.php?rest_route=%2Fwp%2Fv2%2Fcomments&post=97656"}],"version-history":[{"count":0,"href":"https:\/\/www.fuldaernachrichten.de\/index.php?rest_route=\/wp\/v2\/posts\/97656\/revisions"}],"wp:attachment":[{"href":"https:\/\/www.fuldaernachrichten.de\/index.php?rest_route=%2Fwp%2Fv2%2Fmedia&parent=97656"}],"wp:term":[{"taxonomy":"category","embeddable":true,"href":"https:\/\/www.fuldaernachrichten.de\/index.php?rest_route=%2Fwp%2Fv2%2Fcategories&post=97656"},{"taxonomy":"post_tag","embeddable":true,"href":"https:\/\/www.fuldaernachrichten.de\/index.php?rest_route=%2Fwp%2Fv2%2Ftags&post=97656"}],"curies":[{"name":"wp","href":"https:\/\/api.w.org\/{rel}","templated":true}]}}