{"id":9765,"date":"2008-06-08T08:45:39","date_gmt":"2008-06-08T06:45:39","guid":{"rendered":"http:\/\/www.schoene-nachrichten.de\/?p=9765"},"modified":"2008-06-08T08:45:39","modified_gmt":"2008-06-08T06:45:39","slug":"kanuwochenende-mit-dem-jugendbildungswerk-des-landkreises-fulda","status":"publish","type":"post","link":"https:\/\/www.fuldaernachrichten.de\/?p=9765","title":{"rendered":"Kanuwochenende mit dem Jugendbildungswerk des Landkreises Fulda"},"content":{"rendered":"<p><strong>Fulda.<\/strong> Das Jugendbildungswerk des Landkreises Fulda veranstaltet vom 29. bis 31. August ein Kanuwochenende auf der Diemel f\u00fcr Jugendliche im Alter von 15 bis 18 Jahren. Es sind noch einige Pl\u00e4tze frei. Der Teilnehmerpreis einschlie\u00dflich Fahrtkosten, Verpflegung und Kanuausleih betr\u00e4gt drei\u00dfig Euro.<!--more--><\/p>\n<p>Jeder der schwimmen kann und Lust auf ein kleines Abenteuer versp\u00fcrt, sollte einmal auf Flussexpedition gehen. Teils mit geringer Str\u00f6mung, teils kurvig und flott bahnt sich die Diemel ihren Weg durchs Tal. Unter Anleitung erfahrener F\u00fchrer beginnt die Paddeltour in Liebenau und endet am Zielort Helmarshausen. Unterwegs gibt es Natur pur und verschiedene Sehensw\u00fcrdigkeiten zu besichtigen. \u00dcbernachtet wird in Zelten auf dem Campingplatz in Trendelburg. Die Teilnehmerinnen und Teilnehmer verpflegen sich selbst.<\/p>\n<p>Anmeldungen und Anfragen sind zu richten an den Kreisausschuss des Landkreises Fulda\/Jugendbildungswerk, W\u00f6rthstra\u00dfe 15, 36037 Fulda, Tel.: 0661\/6006-498, E-Mail: jugend@landkreis-fulda.de .<\/p>\n","protected":false},"excerpt":{"rendered":"<div class=\"tmnf_excerpt\"><p>Fulda. Das Jugendbildungswerk des Landkreises Fulda veranstaltet vom 29. bis 31. August ein Kanuwochenende auf der Diemel f\u00fcr Jugendliche im Alter von 15 bis 18 Jahren. Es sind noch einige Pl\u00e4tze frei. Der Teilnehmerpreis einschlie\u00dflich Fahrtkosten, Verpflegung und Kanuausleih betr\u00e4gt drei\u00dfig Euro.<\/p>\n<\/div>","protected":false},"author":1,"featured_media":0,"comment_status":"closed","ping_status":"closed","sticky":false,"template":"","format":"standard","meta":{"footnotes":""},"categories":[1,53,72],"tags":[],"class_list":["post-9765","post","type-post","status-publish","format-standard","hentry","category-startseite","category-bildung","category-jugend"],"_links":{"self":[{"href":"https:\/\/www.fuldaernachrichten.de\/index.php?rest_route=\/wp\/v2\/posts\/9765","targetHints":{"allow":["GET"]}}],"collection":[{"href":"https:\/\/www.fuldaernachrichten.de\/index.php?rest_route=\/wp\/v2\/posts"}],"about":[{"href":"https:\/\/www.fuldaernachrichten.de\/index.php?rest_route=\/wp\/v2\/types\/post"}],"author":[{"embeddable":true,"href":"https:\/\/www.fuldaernachrichten.de\/index.php?rest_route=\/wp\/v2\/users\/1"}],"replies":[{"embeddable":true,"href":"https:\/\/www.fuldaernachrichten.de\/index.php?rest_route=%2Fwp%2Fv2%2Fcomments&post=9765"}],"version-history":[{"count":0,"href":"https:\/\/www.fuldaernachrichten.de\/index.php?rest_route=\/wp\/v2\/posts\/9765\/revisions"}],"wp:attachment":[{"href":"https:\/\/www.fuldaernachrichten.de\/index.php?rest_route=%2Fwp%2Fv2%2Fmedia&parent=9765"}],"wp:term":[{"taxonomy":"category","embeddable":true,"href":"https:\/\/www.fuldaernachrichten.de\/index.php?rest_route=%2Fwp%2Fv2%2Fcategories&post=9765"},{"taxonomy":"post_tag","embeddable":true,"href":"https:\/\/www.fuldaernachrichten.de\/index.php?rest_route=%2Fwp%2Fv2%2Ftags&post=9765"}],"curies":[{"name":"wp","href":"https:\/\/api.w.org\/{rel}","templated":true}]}}