{"id":97611,"date":"2012-04-28T00:10:38","date_gmt":"2012-04-28T00:10:38","guid":{"rendered":"http:\/\/www.fuldaer-nachrichten.de\/?p=97611"},"modified":"2012-04-26T11:14:06","modified_gmt":"2012-04-26T11:14:06","slug":"mystik-im-alltag-akademieabend-mit-frau-prof-dr-saskia-wendel","status":"publish","type":"post","link":"https:\/\/www.fuldaernachrichten.de\/?p=97611","title":{"rendered":"Mystik im Alltag &#8211; Akademieabend mit Frau Prof. Dr. Saskia Wendel"},"content":{"rendered":"<p>Fulda. Mystik, so ein beliebtes Klischee, hat nichts mit dem Handeln in der Welt zu tun, sondern allein mit dem Weg nach innen zu Gott hin. Doch mystische Theologien wissen um die Einheit von vita contemplativa und vita activa, um Theorie und Praxis. Eine \u201eMystik der offenen Augen\u201c (J.B. Metz) f\u00fchrt zu einem Handeln im Einsatz f\u00fcr den Anderen und zu einer weltoffenen, ja politischen Spiritualit\u00e4t. Dabei werden u.a. Teresa von Avila, Meister Eckhart, Marguerite Por\u00e8te, Dag Hammars-kj\u00f6ld und Madeleine Delbr\u00c3\u00aal zu Wort kommen.<!--more--><br \/>\nReferentin des Abends ist Frau Prof. Dr. Saskia Wendel, Professorin f\u00fcr Systematische Theologie des Instituts f\u00fcr Katholische Theologie der Universit\u00e4t zu K\u00f6ln. Christliche Mystik ist einer ihrer Forschungsschwerpunkte.\u00c2\u00a0 Beginn: 19.00 Uhr (Abendessen m\u00f6glich um 18.15 Uhr).\u00c2\u00a0 Tagungsleitung: Burkhard Kohn.\u00c2\u00a0 Der Eintritt ist frei. (Abendessen 5,&#8211; \u00e2\u201a\u00ac)<\/p>\n<p>Anmeldungen werden erbeten an das Bonifatiushaus, Neuenberger Str. 3-5, 36041 Fulda, Tel. 0661\/8398-117, Fax 0661\/8398-136 oder per E-mail an info@bonifatiushaus.de<\/p>\n","protected":false},"excerpt":{"rendered":"<div class=\"tmnf_excerpt\"><p>Fulda. Mystik, so ein beliebtes Klischee, hat nichts mit dem Handeln in der Welt zu tun, sondern allein mit dem Weg nach innen zu Gott hin. Doch mystische Theologien wissen um die Einheit von vita contemplativa und vita activa, um Theorie und Praxis. Eine \u201eMystik der offenen Augen\u201c (J.B. Metz) f\u00fchrt zu einem Handeln im &hellip;<\/p>\n<\/div>","protected":false},"author":1,"featured_media":0,"comment_status":"closed","ping_status":"closed","sticky":false,"template":"","format":"standard","meta":{"footnotes":""},"categories":[1,53,50],"tags":[],"class_list":["post-97611","post","type-post","status-publish","format-standard","hentry","category-startseite","category-bildung","category-kirche"],"_links":{"self":[{"href":"https:\/\/www.fuldaernachrichten.de\/index.php?rest_route=\/wp\/v2\/posts\/97611","targetHints":{"allow":["GET"]}}],"collection":[{"href":"https:\/\/www.fuldaernachrichten.de\/index.php?rest_route=\/wp\/v2\/posts"}],"about":[{"href":"https:\/\/www.fuldaernachrichten.de\/index.php?rest_route=\/wp\/v2\/types\/post"}],"author":[{"embeddable":true,"href":"https:\/\/www.fuldaernachrichten.de\/index.php?rest_route=\/wp\/v2\/users\/1"}],"replies":[{"embeddable":true,"href":"https:\/\/www.fuldaernachrichten.de\/index.php?rest_route=%2Fwp%2Fv2%2Fcomments&post=97611"}],"version-history":[{"count":0,"href":"https:\/\/www.fuldaernachrichten.de\/index.php?rest_route=\/wp\/v2\/posts\/97611\/revisions"}],"wp:attachment":[{"href":"https:\/\/www.fuldaernachrichten.de\/index.php?rest_route=%2Fwp%2Fv2%2Fmedia&parent=97611"}],"wp:term":[{"taxonomy":"category","embeddable":true,"href":"https:\/\/www.fuldaernachrichten.de\/index.php?rest_route=%2Fwp%2Fv2%2Fcategories&post=97611"},{"taxonomy":"post_tag","embeddable":true,"href":"https:\/\/www.fuldaernachrichten.de\/index.php?rest_route=%2Fwp%2Fv2%2Ftags&post=97611"}],"curies":[{"name":"wp","href":"https:\/\/api.w.org\/{rel}","templated":true}]}}