{"id":97609,"date":"2012-04-27T00:15:15","date_gmt":"2012-04-27T00:15:15","guid":{"rendered":"http:\/\/www.fuldaer-nachrichten.de\/?p=97609"},"modified":"2012-04-26T11:12:20","modified_gmt":"2012-04-26T11:12:20","slug":"schillernde-tropische-vielfalt-im-fuldaer-umweltzentrum","status":"publish","type":"post","link":"https:\/\/www.fuldaernachrichten.de\/?p=97609","title":{"rendered":"Schillernde tropische Vielfalt im Fuldaer Umweltzentrum"},"content":{"rendered":"<p><strong><\/strong><a href=\"http:\/\/www.fuldaer-nachrichten.de\/wp-content\/uploads\/2012\/04\/Dryas_julia_IMG_2315_IF.jpg\"><img fetchpriority=\"high\" decoding=\"async\" class=\"alignleft size-thumbnail wp-image-97610\" title=\"Dryas_julia_IMG_2315_IF\" src=\"http:\/\/www.fuldaer-nachrichten.de\/wp-content\/uploads\/2012\/04\/Dryas_julia_IMG_2315_IF-265x193.jpg\" alt=\"\" width=\"265\" height=\"193\" srcset=\"https:\/\/www.fuldaernachrichten.de\/wp-content\/uploads\/2012\/04\/Dryas_julia_IMG_2315_IF-265x193.jpg 265w, https:\/\/www.fuldaernachrichten.de\/wp-content\/uploads\/2012\/04\/Dryas_julia_IMG_2315_IF.jpg 600w\" sizes=\"(max-width: 265px) 100vw, 265px\" \/><\/a>Fulda. Am Samstag, dem 28. April ist es so weit: im kleinen Tropenhaus des Umweltzentrums fliegen wieder die Schmetterlinge. Aber auch \u00fcber die einheimische Falterfauna pr\u00e4sentiert die Ausstellung Wissenswertes. Sie ist bis zum 2. September Samstags, Sonn- und Feiertags von 12.00 \u2013 18.00 Uhr ge\u00f6ffnet. Wer Anregungen f\u00fcr die schmetterlingsfreundliche Gestaltung des eigenen Gartens sucht, findet Informationen \u00fcber Nektar- und Raupenfutterpflanzen im Lehrgarten des Umweltzentrums und kann auch Saatgut erwerben.<!--more--><\/p>\n<p>Ein interessantes Begleitprogramm bietet mit den unterschiedlichen Schwerpunkten ganzheitliche Erfahrungsm\u00f6glichkeiten der farbenpr\u00e4chtigen Natursch\u00f6nheiten und ihrer Lebensr\u00e4ume. So wird es jeden zweiten Sonntag im Monat F\u00fchrungen geben. Au\u00dferdem findet in Kooperation mit dem Vonderau Museum Fulda ein Kunst-Workshop f\u00fcr Erwachsene statt. Besonders wertvolle Falterlebensr\u00e4ume bieten die Magerrasen der Rh\u00f6n. Eine Exkursion unter fachkundiger Leitung l\u00e4dt zur Erkundung eines dieser Biotope ein. Auch ein Vortrag zum Schmetterling des Jahres wird geboten.<\/p>\n<p>F\u00fcr Vorschulkinder und Schulklassen k\u00f6nnen Workshops gebucht werden und im Vonderau Museum ist nach dem internationalen Museumstag ein begeh- und begreifbares Lernspiel f\u00fcr Grundschulklassen nutzbar.<\/p>\n<p>Genaue Informationen finden Sie auf der Homepage des Umweltzentrums (<a href=\"http:\/\/www.umweltzentrum%D0fulda.de\/\">www.umweltzentrum\u2013fulda.de<\/a>) bzw. in einem Faltblatt, das im Umweltzentrum, im B\u00fcrgerb\u00fcro und an vielen weiteren Stellen in der Stadt und dem Landkreis ausliegt.<\/p>\n","protected":false},"excerpt":{"rendered":"<div class=\"tmnf_excerpt\"><p>Fulda. Am Samstag, dem 28. April ist es so weit: im kleinen Tropenhaus des Umweltzentrums fliegen wieder die Schmetterlinge. Aber auch \u00fcber die einheimische Falterfauna pr\u00e4sentiert die Ausstellung Wissenswertes. Sie ist bis zum 2. September Samstags, Sonn- und Feiertags von 12.00 \u2013 18.00 Uhr ge\u00f6ffnet. Wer Anregungen f\u00fcr die schmetterlingsfreundliche Gestaltung des eigenen Gartens sucht, &hellip;<\/p>\n<\/div>","protected":false},"author":1,"featured_media":0,"comment_status":"closed","ping_status":"closed","sticky":false,"template":"","format":"standard","meta":{"footnotes":""},"categories":[1,52],"tags":[],"class_list":["post-97609","post","type-post","status-publish","format-standard","hentry","category-startseite","category-umwelt"],"_links":{"self":[{"href":"https:\/\/www.fuldaernachrichten.de\/index.php?rest_route=\/wp\/v2\/posts\/97609","targetHints":{"allow":["GET"]}}],"collection":[{"href":"https:\/\/www.fuldaernachrichten.de\/index.php?rest_route=\/wp\/v2\/posts"}],"about":[{"href":"https:\/\/www.fuldaernachrichten.de\/index.php?rest_route=\/wp\/v2\/types\/post"}],"author":[{"embeddable":true,"href":"https:\/\/www.fuldaernachrichten.de\/index.php?rest_route=\/wp\/v2\/users\/1"}],"replies":[{"embeddable":true,"href":"https:\/\/www.fuldaernachrichten.de\/index.php?rest_route=%2Fwp%2Fv2%2Fcomments&post=97609"}],"version-history":[{"count":0,"href":"https:\/\/www.fuldaernachrichten.de\/index.php?rest_route=\/wp\/v2\/posts\/97609\/revisions"}],"wp:attachment":[{"href":"https:\/\/www.fuldaernachrichten.de\/index.php?rest_route=%2Fwp%2Fv2%2Fmedia&parent=97609"}],"wp:term":[{"taxonomy":"category","embeddable":true,"href":"https:\/\/www.fuldaernachrichten.de\/index.php?rest_route=%2Fwp%2Fv2%2Fcategories&post=97609"},{"taxonomy":"post_tag","embeddable":true,"href":"https:\/\/www.fuldaernachrichten.de\/index.php?rest_route=%2Fwp%2Fv2%2Ftags&post=97609"}],"curies":[{"name":"wp","href":"https:\/\/api.w.org\/{rel}","templated":true}]}}