{"id":97600,"date":"2012-04-27T00:12:49","date_gmt":"2012-04-27T00:12:49","guid":{"rendered":"http:\/\/www.fuldaer-nachrichten.de\/?p=97600"},"modified":"2012-04-26T09:09:01","modified_gmt":"2012-04-26T09:09:01","slug":"mitarbeiter-der-kreisverwaltung-engagieren-sich-in-der-kirche","status":"publish","type":"post","link":"https:\/\/www.fuldaernachrichten.de\/?p=97600","title":{"rendered":"Mitarbeiter der Kreisverwaltung engagieren sich in der Kirche"},"content":{"rendered":"<p><a href=\"http:\/\/www.fuldaer-nachrichten.de\/wp-content\/uploads\/2012\/04\/197-kirchliche-Mitarbeiter.jpg\"><img fetchpriority=\"high\" decoding=\"async\" class=\"alignleft size-thumbnail wp-image-97601\" title=\"197-kirchliche Mitarbeiter\" src=\"http:\/\/www.fuldaer-nachrichten.de\/wp-content\/uploads\/2012\/04\/197-kirchliche-Mitarbeiter-265x397.jpg\" alt=\"\" width=\"265\" height=\"397\" srcset=\"https:\/\/www.fuldaernachrichten.de\/wp-content\/uploads\/2012\/04\/197-kirchliche-Mitarbeiter-265x397.jpg 265w, https:\/\/www.fuldaernachrichten.de\/wp-content\/uploads\/2012\/04\/197-kirchliche-Mitarbeiter-176x265.jpg 176w, https:\/\/www.fuldaernachrichten.de\/wp-content\/uploads\/2012\/04\/197-kirchliche-Mitarbeiter-399x600.jpg 399w, https:\/\/www.fuldaernachrichten.de\/wp-content\/uploads\/2012\/04\/197-kirchliche-Mitarbeiter.jpg 600w\" sizes=\"(max-width: 265px) 100vw, 265px\" \/><\/a>Rothemann\/Hosenfeld\/Langenschwarz\/Engelhelms\/Hattenhof. Kirchliches Engagement ist nicht wenigen Mitarbeitern des Kreises Fulda sehr wichtig. Stellvertretend f\u00fcr sie werden hier Michael Friedrich, Martin Gerlach, Werner Happ, Cornelia R\u00f6\u00dfner und Petra Vogel mit ihrem religi\u00f6sen Einsatz in der Freizeit vorgestellt.<\/p>\n<p><strong>Foto:<\/strong> Max Colin Heydenreich<br \/>\n<!--more--><\/p>\n<p>Beruflich ist Cornelia R\u00f6\u00dfner beim Fachdienst Jugend, Familie, Sport, Ehrenamt in der Kindertagesst\u00e4tten-Fachberatung t\u00e4tig; au\u00dferhalb der Dienstzeit bringt sie sich in ihrem Heimatort Rothemann ein. Dort wurde sie zum dritten Mal in den Pfarrgemeinderat gew\u00e4hlt, dessen Sprecherin sie ist. Sie mag die Aufgabe, \u201eSprachrohr f\u00fcr die Kirchengemeinde zu sein\u201c. Sehr am Herzen liegt der 32-J\u00e4hrigen die Gestaltung von Jugendgottesdiensten und -gebetsstunden. Au\u00dferdem hat der Pfarrgemeinderat wegen der anstehenden 1000-Jahr-Feier von Rothemann viel \u00fcber die dortige Kirchengeschichte recherchiert. Zudem leitet R\u00f6\u00dfner mit Heike Sauer die M\u00e4dchen-Schola der Pfarrgemeinde St. Barbara Rothemann.<\/p>\n<p>Michael Friedrich, Leiter des Fachdienstes Volkshochschule beim Landkreis, ist nebenamtlich st\u00e4ndiger Diakon in seiner Heimatpfarrei Hosenfeld. Seit der Diakonweihe vor fast sechs Jahren geh\u00f6rt der jetzt 55-J\u00e4hrige dem katholischen Klerus an. \u201eEs bedeutet mir viel, am Seelenheil anderer Menschen mitarbeiten zu k\u00f6nnen\u201c, sagt er und erg\u00e4nzt: \u201eIch denke, es trifft auf uns alle zu, dass man religi\u00f6se Arbeit wesentlich f\u00fcr andere macht.\u201c Friedrich unterst\u00fctzt Pater Robert in Hosenfeld w\u00e4hrend der Gottesdienste, predigt einmal im Monat und hat schon viele Kinder getauft. Au\u00dferdem nimmt er Segnungen vor und engagiert sich in der Firmvorbereitung, wobei er auch die Firmkatecheten f\u00fcr die Gruppenstunden anleitet.<\/p>\n<p>Der evangelische Christ Martin Gerlach geh\u00f6rt seit knapp 20 Jahren dem Kirchenvorstand in Burghaun-Langenschwarz an. \u201eDieses Gremium ist in Zusammenarbeit mit dem Pfarrer f\u00fcr die Gemeinde verantwortlich\u201c, erl\u00e4utert der 46-J\u00e4hrige. Nach seiner \u00dcberzeugung kann Kirche ohne ehrenamtliche Mitarbeit von Mitgliedern nicht funktionieren. \u201eDeshalb empfinde ich es als selbstverst\u00e4ndlich, mich zu engagieren\u201c, betont Gerlach, der hauptamtlich beim Fachdienst Bauen und Wohnen des Kreises f\u00fcr baurechtliche Fragen zust\u00e4ndig ist. Zu seinem Einsatz f\u00fcr die Kirche geh\u00f6rt, dass er seit etwa 30 Jahren nebenamtlich Organist ist.<\/p>\n<p>Petra Vogel fungiert seit etwa sechs Jahren als Lektorin in der Pfarrei Christk\u00f6nig Edelzell\/Engelhelms: Sie geh\u00f6rt damit zu denjenigen, die sich beim Vortragen von Lesung und F\u00fcrbitten abwechseln. \u201eDas erste Mal war ich bei der Pfingstlesung mit den schwierigen L\u00e4ndernamen an der Reihe\u201c, erinnert sich die 43-J\u00e4hrige, die beruflich im Fachdienst Jugend, Familie, Sport, Ehrenamt die Schulbegleitung koordiniert. \u201eAls bereichernd erlebe ich es auch, in unserer Pfarrei bei der Vorbereitung der Firmlinge mitzuwirken\u201c, schildert Petra Vogel, die au\u00dferdem zw\u00f6lf Jahre lang im Kindergottesdienst-Team aktiv war.<\/p>\n<p>\u201eEin Leben ohne Gott h\u00e4tte f\u00fcr mich keinen Sinn\u201c, sagt Diplom-Sozialarbeiter Werner Happ, ebenfalls vom Fachdienst Jugend, Familie, Sport, Ehrenamt. F\u00fcr den 51-J\u00e4hrigen ist es erf\u00fcllend, sich mit Gleichgesinnten f\u00fcr die Glaubensgemeinschaft einzusetzen. Schon seit etlichen Jahren geh\u00f6rt er dem Pfarrgemeinderat von Hattenhof an und ist seit Herbst 2011 Sprecher des Pfarrgemeinderats der Gesamtpfarrei. Von dem Gremium ging der Impuls aus, einen Besuchsdienst f\u00fcr neu zugezogene Katholiken einzurichten, den Happ im Auftrag des Pfarrers mit Elke Werner wahrnimmt. Zudem ist Happ in Hattenhof seit rund 35 Jahren Lektor und seit Januar 1997 Kommunionhelfer.<\/p>\n<p>Wird die Glaubenshaltung der f\u00fcnf Vorgestellten im Alltag sichtbar? Wie sie berichten, treten sie nicht missionarisch auf, verstecken allerdings ihre christliche Pr\u00e4gung auch nicht: \u201eSie geh\u00f6rt zu uns.\u201c<\/p>\n","protected":false},"excerpt":{"rendered":"<div class=\"tmnf_excerpt\"><p>Rothemann\/Hosenfeld\/Langenschwarz\/Engelhelms\/Hattenhof. Kirchliches Engagement ist nicht wenigen Mitarbeitern des Kreises Fulda sehr wichtig. Stellvertretend f\u00fcr sie werden hier Michael Friedrich, Martin Gerlach, Werner Happ, Cornelia R\u00f6\u00dfner und Petra Vogel mit ihrem religi\u00f6sen Einsatz in der Freizeit vorgestellt. Foto: Max Colin Heydenreich<\/p>\n<\/div>","protected":false},"author":1,"featured_media":0,"comment_status":"closed","ping_status":"closed","sticky":false,"template":"","format":"standard","meta":{"footnotes":""},"categories":[1,50],"tags":[],"class_list":["post-97600","post","type-post","status-publish","format-standard","hentry","category-startseite","category-kirche"],"_links":{"self":[{"href":"https:\/\/www.fuldaernachrichten.de\/index.php?rest_route=\/wp\/v2\/posts\/97600","targetHints":{"allow":["GET"]}}],"collection":[{"href":"https:\/\/www.fuldaernachrichten.de\/index.php?rest_route=\/wp\/v2\/posts"}],"about":[{"href":"https:\/\/www.fuldaernachrichten.de\/index.php?rest_route=\/wp\/v2\/types\/post"}],"author":[{"embeddable":true,"href":"https:\/\/www.fuldaernachrichten.de\/index.php?rest_route=\/wp\/v2\/users\/1"}],"replies":[{"embeddable":true,"href":"https:\/\/www.fuldaernachrichten.de\/index.php?rest_route=%2Fwp%2Fv2%2Fcomments&post=97600"}],"version-history":[{"count":0,"href":"https:\/\/www.fuldaernachrichten.de\/index.php?rest_route=\/wp\/v2\/posts\/97600\/revisions"}],"wp:attachment":[{"href":"https:\/\/www.fuldaernachrichten.de\/index.php?rest_route=%2Fwp%2Fv2%2Fmedia&parent=97600"}],"wp:term":[{"taxonomy":"category","embeddable":true,"href":"https:\/\/www.fuldaernachrichten.de\/index.php?rest_route=%2Fwp%2Fv2%2Fcategories&post=97600"},{"taxonomy":"post_tag","embeddable":true,"href":"https:\/\/www.fuldaernachrichten.de\/index.php?rest_route=%2Fwp%2Fv2%2Ftags&post=97600"}],"curies":[{"name":"wp","href":"https:\/\/api.w.org\/{rel}","templated":true}]}}