{"id":97591,"date":"2012-04-27T00:12:13","date_gmt":"2012-04-27T00:12:13","guid":{"rendered":"http:\/\/www.fuldaer-nachrichten.de\/?p=97591"},"modified":"2012-04-26T08:50:08","modified_gmt":"2012-04-26T08:50:08","slug":"kreisjugendfeuerwehr-vogelsbergkreis-richtete-brandschutztagung-aus","status":"publish","type":"post","link":"https:\/\/www.fuldaernachrichten.de\/?p=97591","title":{"rendered":"Kreisjugendfeuerwehr Vogelsbergkreis richtete Brandschutztagung aus"},"content":{"rendered":"<p><a href=\"http:\/\/www.fuldaer-nachrichten.de\/wp-content\/uploads\/2012\/04\/IMG_5580.jpg\"><img fetchpriority=\"high\" decoding=\"async\" class=\"alignleft size-thumbnail wp-image-97592\" title=\"IMG_5580\" src=\"http:\/\/www.fuldaer-nachrichten.de\/wp-content\/uploads\/2012\/04\/IMG_5580-265x198.jpg\" alt=\"\" width=\"265\" height=\"198\" srcset=\"https:\/\/www.fuldaernachrichten.de\/wp-content\/uploads\/2012\/04\/IMG_5580-265x198.jpg 265w, https:\/\/www.fuldaernachrichten.de\/wp-content\/uploads\/2012\/04\/IMG_5580.jpg 600w\" sizes=\"(max-width: 265px) 100vw, 265px\" \/><\/a>Vogelsbergkreis. K\u00fcrzlich fand eine Informationstagung \u00fcber Brandschutzerziehung und Brandschutzaufkl\u00e4rung im Vogelsbergkreis in Landenhausen statt. \u00dcber 20 Brandschutzerzieher und Brandschutzaufkl\u00e4rer aus zw\u00f6lf Vogelsbergkommunen sowie aus dem Nachbarlandkreis Gie\u00dfen widmeten sich dabei ihrem Sachgebiet. Bereits zum f\u00fcnfzehnten Mal richtete die Kreisjugendfeuerwehr Vogelsbergkreis diese Tagung aus.<!--more--><br \/>\nArmin Kropp, Fachbereichsleiter f\u00fcr Brandschutzerziehung und Brandschutzaufkl\u00e4rung der Kreisjugendfeuerwehr, res\u00fcmierte die Arbeit der Brandsch\u00fctzer im Vogelsbergkreis. Er sprach von einer sehr aktiven Aufkl\u00e4rung \u00fcber die Gefahren von Rauch und Feuer, laut seinen Angaben wurden im vergangenen Jahr \u00fcber 600 Kinder und Jugendliche unterwiesen. \u201eIn den Kinderg\u00e4rten des Kreises sind wir fast fl\u00e4chendeckend vertreten, auch an vielen Schulen sind wir beispielsweise in Projektwochen mit eingebunden\u201c, teilte der Fachbereichsleiter mit. Er stellte jedoch zugleich fest, dass immer noch einige Schulen, trotz gesetzlicher Vorgaben, eine Zusammenarbeit mit den Feuerwehr verweigern w\u00fcrden.<\/p>\n<p>F\u00fcr die Teilnehmer der Tagung hatte Armin Kropp ein wahres Informationspaket f\u00fcr den Fachbereich geschn\u00fcrt. Er berichtete von der Aachener Fachtagung f\u00fcr Brandschutzerziehung mit dem Schwerpunkt Kindertagesst\u00e4tten. \u201eR\u00e4umungs\u00fcbungen sind f\u00fcr Kinderg\u00e4rten elementar\u201c, so einer der dortigen Ratschl\u00e4ge. Von der Fachtagung des Hessischen Landesfeuerwehrverbandes in Kassel brachte er Tipps und Tricks f\u00fcr die Brandschutzerziehung mit einfachen Mitteln mit. Und auch von dem L\u00fcneburger Forum f\u00fcr Brandschutzerziehung konnte er reichlich Fachwissen an die Teilnehmer weiterleiten.<\/p>\n<p>Positiv fiel das Feedback der Teilnehmer nach der Tagung aus. \u201eViele Tipps und reichlich Inspiration f\u00fcr die Arbeit in der Jugendfeuerwehr vor Ort konnten gesammelt werden\u201c, war die einstimmige Meinung. Der Termin f\u00fcr die n\u00e4chste Informationstagung steht bereits: 23. M\u00e4rz 2013 in Freiensteinau.<\/p>\n","protected":false},"excerpt":{"rendered":"<div class=\"tmnf_excerpt\"><p>Vogelsbergkreis. K\u00fcrzlich fand eine Informationstagung \u00fcber Brandschutzerziehung und Brandschutzaufkl\u00e4rung im Vogelsbergkreis in Landenhausen statt. \u00dcber 20 Brandschutzerzieher und Brandschutzaufkl\u00e4rer aus zw\u00f6lf Vogelsbergkommunen sowie aus dem Nachbarlandkreis Gie\u00dfen widmeten sich dabei ihrem Sachgebiet. Bereits zum f\u00fcnfzehnten Mal richtete die Kreisjugendfeuerwehr Vogelsbergkreis diese Tagung aus.<\/p>\n<\/div>","protected":false},"author":1,"featured_media":0,"comment_status":"closed","ping_status":"closed","sticky":false,"template":"","format":"standard","meta":{"footnotes":""},"categories":[1,71],"tags":[],"class_list":["post-97591","post","type-post","status-publish","format-standard","hentry","category-startseite","category-feuerwehr"],"_links":{"self":[{"href":"https:\/\/www.fuldaernachrichten.de\/index.php?rest_route=\/wp\/v2\/posts\/97591","targetHints":{"allow":["GET"]}}],"collection":[{"href":"https:\/\/www.fuldaernachrichten.de\/index.php?rest_route=\/wp\/v2\/posts"}],"about":[{"href":"https:\/\/www.fuldaernachrichten.de\/index.php?rest_route=\/wp\/v2\/types\/post"}],"author":[{"embeddable":true,"href":"https:\/\/www.fuldaernachrichten.de\/index.php?rest_route=\/wp\/v2\/users\/1"}],"replies":[{"embeddable":true,"href":"https:\/\/www.fuldaernachrichten.de\/index.php?rest_route=%2Fwp%2Fv2%2Fcomments&post=97591"}],"version-history":[{"count":1,"href":"https:\/\/www.fuldaernachrichten.de\/index.php?rest_route=\/wp\/v2\/posts\/97591\/revisions"}],"predecessor-version":[{"id":97593,"href":"https:\/\/www.fuldaernachrichten.de\/index.php?rest_route=\/wp\/v2\/posts\/97591\/revisions\/97593"}],"wp:attachment":[{"href":"https:\/\/www.fuldaernachrichten.de\/index.php?rest_route=%2Fwp%2Fv2%2Fmedia&parent=97591"}],"wp:term":[{"taxonomy":"category","embeddable":true,"href":"https:\/\/www.fuldaernachrichten.de\/index.php?rest_route=%2Fwp%2Fv2%2Fcategories&post=97591"},{"taxonomy":"post_tag","embeddable":true,"href":"https:\/\/www.fuldaernachrichten.de\/index.php?rest_route=%2Fwp%2Fv2%2Ftags&post=97591"}],"curies":[{"name":"wp","href":"https:\/\/api.w.org\/{rel}","templated":true}]}}