{"id":97584,"date":"2012-04-27T00:10:14","date_gmt":"2012-04-27T00:10:14","guid":{"rendered":"http:\/\/www.fuldaer-nachrichten.de\/?p=97584"},"modified":"2012-04-26T08:45:22","modified_gmt":"2012-04-26T08:45:22","slug":"feuerwehr-eichenzell-ruckgang-der-einsatzzahlen-aber-mehr-einsatzkrafte-und-viele-ehrungen","status":"publish","type":"post","link":"https:\/\/www.fuldaernachrichten.de\/?p=97584","title":{"rendered":"Feuerwehr Eichenzell: R\u00fcckgang der Einsatzzahlen, aber mehr Einsatzkr\u00e4fte und viele Ehrungen"},"content":{"rendered":"<p><a href=\"http:\/\/www.fuldaer-nachrichten.de\/wp-content\/uploads\/2012\/04\/DSC_5376.jpg\"><img decoding=\"async\" class=\"alignleft size-thumbnail wp-image-97585\" title=\"DSC_5376\" src=\"http:\/\/www.fuldaer-nachrichten.de\/wp-content\/uploads\/2012\/04\/DSC_5376-265x177.jpg\" alt=\"\" width=\"265\" height=\"177\" srcset=\"https:\/\/www.fuldaernachrichten.de\/wp-content\/uploads\/2012\/04\/DSC_5376-265x177.jpg 265w, https:\/\/www.fuldaernachrichten.de\/wp-content\/uploads\/2012\/04\/DSC_5376.jpg 600w\" sizes=\"(max-width: 265px) 100vw, 265px\" \/><\/a>Eichenzell.\u00c2\u00a0 Im voll besetzten Kultursaal des Eichenzeller Schl\u00f6sschens berichtete Gemeindebrandinspektor Martin\u00c2\u00a0 Fischer den G\u00e4sten, sowie seinen Kameradinnen und Kameraden der Feuerwehren von 231 Eins\u00e4tzen im Jahr 2011. Unter den 47 Brandeins\u00e4tze, 150 Technische Hilfeleistungen und 29 sonstigen Eins\u00e4tzen waren Gro\u00dfeins\u00e4tze wie der Brand einer Feldscheune in D\u00f6llbach, ein schwerer Verkehrsunfall in der N\u00e4he des Industriegebietes Rh\u00f6n, eine gr\u00f6\u00dfere Unwetterlage und ein Wohnungsbrand kurz vor Weihnachten in Rothemann. Insgesamt waren die Feuerwehren 497 Stunden im Einsatz, hierbei leisteten die 26 Frauen und 273 M\u00e4nner 2146,5 Personenstunden.<\/p>\n<p>Fotos: Feuerwehr Eichenzell<!--more-->In 232 \u00dcbungen bereiteten sich die Feuerwehrleute auf den Ernstfall vor. Darunter waren Gro\u00df\u00fcbungen bei der Firma HPI im Industriegebiet Rh\u00f6n und eine \u00dcbung zum Thema Menschenrettung auf der Baustelle der D\u00f6llbach-Talbr\u00fccke, an der jeweils mehrere Feuerwehren und Hilfsorganisationen teilnahmen.\u00c2\u00a0 Ebenso wurden 76 Lehrg\u00e4nge und Seminare auf Kreis-, sowie Landesebene besucht. Im Berichtsjahr wurden unter anderem ein Mannschaftstransportfahrzeug f\u00fcr die Feuerwehr L\u00f6schenrod, sowie ein Mehrzweckboot angeschafft.<\/p>\n<p><a href=\"http:\/\/www.fuldaer-nachrichten.de\/wp-content\/uploads\/2012\/04\/DSC_5361.jpg\"><img decoding=\"async\" class=\"alignleft size-thumbnail wp-image-97588\" title=\"DSC_5361\" src=\"http:\/\/www.fuldaer-nachrichten.de\/wp-content\/uploads\/2012\/04\/DSC_5361-265x177.jpg\" alt=\"\" width=\"265\" height=\"177\" srcset=\"https:\/\/www.fuldaernachrichten.de\/wp-content\/uploads\/2012\/04\/DSC_5361-265x177.jpg 265w, https:\/\/www.fuldaernachrichten.de\/wp-content\/uploads\/2012\/04\/DSC_5361.jpg 600w\" sizes=\"(max-width: 265px) 100vw, 265px\" \/><\/a>Gemeindebrandinspektor Martin Fischer und sein Stellvertreter Andr\u00e9 M\u00fcller nahmen die Bef\u00f6rderungen der Kameraden Dennis und Sebastian Ketterer (L\u00fctter) zu Feuerwehrm\u00e4nnern, Sebastian M\u00f6ller (Rothemann) zum Oberfeuerwehrmann und Mario Fliege (R\u00f6nshausen) zum L\u00f6schmeister vor.<\/p>\n<p>Im Anschluss wurden Torsten B\u00f6hm und Torsten Deigm\u00fcller (beide Kerzell), Karl Belz, Thomas Henkel (B\u00fcchenberg), J\u00fcrgen Fl\u00fcgel (Rothemann) und Dirk Fischer (Eichenzell) von Kreisbrandinspektor Dr. Bj\u00f6rn Stei\u00dfel f\u00fcr ihre 25-j\u00e4hrige aktive Dienstzeit mit dem silbernen Brandschutzehrenzeichen ausgezeichnet. Torsten Deigm\u00fcller erhielt ebenso die bronzene Plakette des kurhessisch-waldeckschen Feuerwehrverbandes.<\/p>\n<p>F\u00fcr die erfolgreiche Teilnahme an den Kreiswettk\u00e4mpfen wurden Marc Hainer und Jochen Kanne mit dem Leistungsabzeichen in Eisen ausgezeichnet. Thomas Fl\u00fcgel, Manuel Hack, Stefan M\u00f6ller (Rothemann), Maximilian Bayer, Lothar Leibold und Alexander Schnopp (R\u00f6nshausen) erhielten das bronzene Leistungsabzeichen. Silvia Jest\u00e4dt (R\u00f6nshausen) und J\u00f6rn-Oliver G\u00f6rs (L\u00fctter) erhielten diese Auszeichnung\u00c2\u00a0 in Silber, w\u00e4hrend Stefan Gr\u00fcnewald, Tobias Heil und Christoph Jest\u00e4dt (R\u00f6nshausen) das Leistungsabzeichen in Gold erwarben.<\/p>\n<p>Eine besondere Ehre wurde Friedrich Agricola zu Teil, der 24 Jahre die Einsatzabteilung der Feuerwehr\u00c2\u00a0 Kerzell leitet. Er wurde f\u00fcr seine Verdienste mit dem silbernen Ehrenkreuz des Deutschen Feuerwehrverbandes ausgezeichnet. Reiner Seifert, 25 Jahre Vorsitzender in Kerzell, wurde mit der Floriansmedallie in Bronze ausgezeichnet.<\/p>\n<p>Helmut Hasenau, seit 1964 Mitglied in der Feuerwehr, davon 20 Jahre als Wehrf\u00fchrer in Welkers und 13 Jahre als stellvertretender Gemeindebrandinspektor t\u00e4tig, wurde im Rahmen der Versammlung von B\u00fcrgermeister Dieter Kolb und dem Vorsitzenden der Gemeindevertretung, Edwin Balzter, zum Ehrenwehrf\u00fchrer von Welkers ernannt. Kolb richtete seine Dankesworte nicht nur an Hasenau selbst, sondern f\u00fcr die Unterst\u00fctzung und den R\u00fcckhalt w\u00e4hrend der langen Zeit im Dienst am N\u00e4chsten, auch an seine Familie.<\/p>\n<p><a href=\"http:\/\/www.fuldaer-nachrichten.de\/wp-content\/uploads\/2012\/04\/DSC_5322.jpg\"><img decoding=\"async\" class=\"alignleft size-thumbnail wp-image-97586\" title=\"DSC_5322\" src=\"http:\/\/www.fuldaer-nachrichten.de\/wp-content\/uploads\/2012\/04\/DSC_5322-265x177.jpg\" alt=\"\" width=\"265\" height=\"177\" srcset=\"https:\/\/www.fuldaernachrichten.de\/wp-content\/uploads\/2012\/04\/DSC_5322-265x177.jpg 265w, https:\/\/www.fuldaernachrichten.de\/wp-content\/uploads\/2012\/04\/DSC_5322.jpg 600w\" sizes=\"(max-width: 265px) 100vw, 265px\" \/><\/a>Dieter Kolb dankte den Feuerwehrleuten f\u00fcr die st\u00e4ndige Einsatzbereitschaft, auch zu ung\u00fcnstigen Tages- oder Nachtzeiten. Sein Dank galt auch all denjenigen, die sich in den Vereinen, den Alters- und Ehrenabteilungen und insbesondere in den Jugendfeuerwehren engagieren und dort ihre Freizeit einbringen. Feuerwehren wie die der Gemeinde Eichenzell, eine der Kommunen mit den h\u00f6chsten Einsatzaufkommen im Landkreis Fulda, m\u00fcssen sich auf die gute Arbeit in den Jugendfeuerwehren verlassen k\u00f6nnen. Das dort\u00c2\u00a0\u00c2\u00a0 eine sehr gute Leistung gebracht wird, zeige sich dadurch, dass alle neun Neuzug\u00e4nge der Wehren aus dem eigenen Nachwuchs kommen. Ein wichtiger Aspekt dieses Erfolges ist die gute Arbeit und hohe Motivation der Jugendwarte und Betreuer, ohne die die Feuerwehren keine Zukunft h\u00e4tten.<\/p>\n<p>Seine Hochachtung vor der Leistung der Brandsch\u00fctzer brachte der Vorsitzende der Gemeindevertretung, Edwin Baltzer, in seinem Gru\u00dfwort zum Ausdruck. Nicht nur die Arbeit bei den Aktiven, sondern auch in allen anderen Abteilungen garantiere ein gutes Miteinander. Hier werde Gro\u00dfes geleistet, was man nicht in Zahlen oder Kosten beziffern kann.<\/p>\n<p>Auch Kreisbrandinspektor Dr. Bj\u00f6rn Stei\u00dfel ging in seiner Rede ging in seiner Rede auf die hohen Einsatzzahlen und das gro\u00dfe Einsatzspektrum der Eichenzeller Feuerwehren ein. Er warb daf\u00fcr, auch k\u00fcnftig auf eine gute Ausbildung der Feuerwehrfrauen und -m\u00e4nner zu setzen und gerade in diesem Hinblick neuen Dingen gegen\u00fcber aufgeschlossen gegen\u00fcber zu stehen.<\/p>\n","protected":false},"excerpt":{"rendered":"<div class=\"tmnf_excerpt\"><p>Eichenzell.\u00c2\u00a0 Im voll besetzten Kultursaal des Eichenzeller Schl\u00f6sschens berichtete Gemeindebrandinspektor Martin\u00c2\u00a0 Fischer den G\u00e4sten, sowie seinen Kameradinnen und Kameraden der Feuerwehren von 231 Eins\u00e4tzen im Jahr 2011. Unter den 47 Brandeins\u00e4tze, 150 Technische Hilfeleistungen und 29 sonstigen Eins\u00e4tzen waren Gro\u00dfeins\u00e4tze wie der Brand einer Feldscheune in D\u00f6llbach, ein schwerer Verkehrsunfall in der N\u00e4he des Industriegebietes &hellip;<\/p>\n<\/div>","protected":false},"author":1,"featured_media":0,"comment_status":"closed","ping_status":"closed","sticky":false,"template":"","format":"standard","meta":{"footnotes":""},"categories":[1,71],"tags":[],"class_list":["post-97584","post","type-post","status-publish","format-standard","hentry","category-startseite","category-feuerwehr"],"_links":{"self":[{"href":"https:\/\/www.fuldaernachrichten.de\/index.php?rest_route=\/wp\/v2\/posts\/97584","targetHints":{"allow":["GET"]}}],"collection":[{"href":"https:\/\/www.fuldaernachrichten.de\/index.php?rest_route=\/wp\/v2\/posts"}],"about":[{"href":"https:\/\/www.fuldaernachrichten.de\/index.php?rest_route=\/wp\/v2\/types\/post"}],"author":[{"embeddable":true,"href":"https:\/\/www.fuldaernachrichten.de\/index.php?rest_route=\/wp\/v2\/users\/1"}],"replies":[{"embeddable":true,"href":"https:\/\/www.fuldaernachrichten.de\/index.php?rest_route=%2Fwp%2Fv2%2Fcomments&post=97584"}],"version-history":[{"count":0,"href":"https:\/\/www.fuldaernachrichten.de\/index.php?rest_route=\/wp\/v2\/posts\/97584\/revisions"}],"wp:attachment":[{"href":"https:\/\/www.fuldaernachrichten.de\/index.php?rest_route=%2Fwp%2Fv2%2Fmedia&parent=97584"}],"wp:term":[{"taxonomy":"category","embeddable":true,"href":"https:\/\/www.fuldaernachrichten.de\/index.php?rest_route=%2Fwp%2Fv2%2Fcategories&post=97584"},{"taxonomy":"post_tag","embeddable":true,"href":"https:\/\/www.fuldaernachrichten.de\/index.php?rest_route=%2Fwp%2Fv2%2Ftags&post=97584"}],"curies":[{"name":"wp","href":"https:\/\/api.w.org\/{rel}","templated":true}]}}