{"id":97583,"date":"2012-04-27T00:11:05","date_gmt":"2012-04-27T00:11:05","guid":{"rendered":"http:\/\/www.fuldaer-nachrichten.de\/?p=97583"},"modified":"2012-04-26T08:25:55","modified_gmt":"2012-04-26T08:25:55","slug":"militarischer-vielseitigkeitswettkampf-osthessischer-reservistentag-2012","status":"publish","type":"post","link":"https:\/\/www.fuldaernachrichten.de\/?p=97583","title":{"rendered":"Milit\u00e4rischer Vielseitigkeitswettkampf \u201eOsthessischer Reservistentag 2012\u201c"},"content":{"rendered":"<p>Eiterfeld. Am 05. Mai f\u00fchrt die RK Eiterfeld im Reservistenverband den \u00fcberregional renommierten milit\u00e4rischen Vielseitigkeitswettkampf durch. Im Unterschied zum \u201eTag der Reservisten\u201c, der Ende September in Fulda stattfinden wird, handelt es sich hier um eine regionale Veranstaltung. Ziel ist einerseits den osthessischen Soldaten der Reserve und Soldaten verb\u00fcndeter Streitkr\u00e4fte eine herausfordernde M\u00f6glichkeit zum Leistungsvergleich zu bieten.<!--more--><\/p>\n<p>Die gepr\u00fcften Bereiche orientieren sich dabei am ver\u00e4nderten Auftrag f\u00fcr Bundeswehr und Reserve. Neben f\u00fchrungstaktischen Grundlagen und allgemeinen Kenntnissen liegt ein Hauptaugenmerk auf den F\u00e4higkeiten zum Sanit\u00e4tsdienst in der Einsatzlage und der Durchsetzung des Auftrages im Rahmen der \u201eRules of Engagement\u201c der Vereinten Nationen.<\/p>\n<p>Die \u00dcbung findet zwischen 08.00 Uhr und 17.00 Uhr im freien Gel\u00e4nde der Gemarkung Eiterfeld statt. Nachmittags sind Vertreter der \u00d6ffentlichkeit, darunter Vertreter von Lokalpolitik, Bundeswehr und Reservistenverband aber auch alle interessierten B\u00fcrger zum Feldempfang eingeladen. Schirmherr des osthessischen Reservistentages 2012 ist der B\u00fcrgermeister der Marktgemeinde Eiterfeld, Herr Hermann-Josef Scheich.<\/p>\n<p>&nbsp;<\/p>\n","protected":false},"excerpt":{"rendered":"<div class=\"tmnf_excerpt\"><p>Eiterfeld. Am 05. Mai f\u00fchrt die RK Eiterfeld im Reservistenverband den \u00fcberregional renommierten milit\u00e4rischen Vielseitigkeitswettkampf durch. Im Unterschied zum \u201eTag der Reservisten\u201c, der Ende September in Fulda stattfinden wird, handelt es sich hier um eine regionale Veranstaltung. Ziel ist einerseits den osthessischen Soldaten der Reserve und Soldaten verb\u00fcndeter Streitkr\u00e4fte eine herausfordernde M\u00f6glichkeit zum Leistungsvergleich zu &hellip;<\/p>\n<\/div>","protected":false},"author":1,"featured_media":0,"comment_status":"closed","ping_status":"closed","sticky":false,"template":"","format":"standard","meta":{"footnotes":""},"categories":[1],"tags":[],"class_list":["post-97583","post","type-post","status-publish","format-standard","hentry","category-startseite"],"_links":{"self":[{"href":"https:\/\/www.fuldaernachrichten.de\/index.php?rest_route=\/wp\/v2\/posts\/97583","targetHints":{"allow":["GET"]}}],"collection":[{"href":"https:\/\/www.fuldaernachrichten.de\/index.php?rest_route=\/wp\/v2\/posts"}],"about":[{"href":"https:\/\/www.fuldaernachrichten.de\/index.php?rest_route=\/wp\/v2\/types\/post"}],"author":[{"embeddable":true,"href":"https:\/\/www.fuldaernachrichten.de\/index.php?rest_route=\/wp\/v2\/users\/1"}],"replies":[{"embeddable":true,"href":"https:\/\/www.fuldaernachrichten.de\/index.php?rest_route=%2Fwp%2Fv2%2Fcomments&post=97583"}],"version-history":[{"count":0,"href":"https:\/\/www.fuldaernachrichten.de\/index.php?rest_route=\/wp\/v2\/posts\/97583\/revisions"}],"wp:attachment":[{"href":"https:\/\/www.fuldaernachrichten.de\/index.php?rest_route=%2Fwp%2Fv2%2Fmedia&parent=97583"}],"wp:term":[{"taxonomy":"category","embeddable":true,"href":"https:\/\/www.fuldaernachrichten.de\/index.php?rest_route=%2Fwp%2Fv2%2Fcategories&post=97583"},{"taxonomy":"post_tag","embeddable":true,"href":"https:\/\/www.fuldaernachrichten.de\/index.php?rest_route=%2Fwp%2Fv2%2Ftags&post=97583"}],"curies":[{"name":"wp","href":"https:\/\/api.w.org\/{rel}","templated":true}]}}