{"id":97579,"date":"2012-04-27T00:11:52","date_gmt":"2012-04-27T00:11:52","guid":{"rendered":"http:\/\/www.fuldaer-nachrichten.de\/?p=97579"},"modified":"2012-04-26T08:17:37","modified_gmt":"2012-04-26T08:17:37","slug":"tanner-musiksommer-2012-frauen-und-musik","status":"publish","type":"post","link":"https:\/\/www.fuldaernachrichten.de\/?p=97579","title":{"rendered":"Tanner Musiksommer 2012: \u201eFrauen und Musik\u201c"},"content":{"rendered":"<p><strong><\/strong><a href=\"http:\/\/www.fuldaer-nachrichten.de\/wp-content\/uploads\/2012\/04\/2012-10-06-Und-Gott-sah-dass-es-gut-war.jpg\"><img fetchpriority=\"high\" decoding=\"async\" class=\"alignleft size-thumbnail wp-image-97580\" title=\"2012-10-06 Und Gott sah, dass es gut war\" src=\"http:\/\/www.fuldaer-nachrichten.de\/wp-content\/uploads\/2012\/04\/2012-10-06-Und-Gott-sah-dass-es-gut-war-265x290.jpg\" alt=\"\" width=\"265\" height=\"290\" srcset=\"https:\/\/www.fuldaernachrichten.de\/wp-content\/uploads\/2012\/04\/2012-10-06-Und-Gott-sah-dass-es-gut-war-265x290.jpg 265w, https:\/\/www.fuldaernachrichten.de\/wp-content\/uploads\/2012\/04\/2012-10-06-Und-Gott-sah-dass-es-gut-war-241x265.jpg 241w, https:\/\/www.fuldaernachrichten.de\/wp-content\/uploads\/2012\/04\/2012-10-06-Und-Gott-sah-dass-es-gut-war-547x600.jpg 547w, https:\/\/www.fuldaernachrichten.de\/wp-content\/uploads\/2012\/04\/2012-10-06-Und-Gott-sah-dass-es-gut-war.jpg 600w\" sizes=\"(max-width: 265px) 100vw, 265px\" \/><\/a>Tann. Das Motto des Tanner Musiksommers 2012 lautet \u201eFrauen und Musik\u201c. Damit wollen die Verantwortlichen \u2013 der kirchenmusikalische Ausschuss der evangelischen Kirchengemeinde \u2013 die Bedeutung und die Rolle von Frauen im kulturellen Erbe und Leben sowie in der Kultur vor Augen f\u00fchren.<!--more--><\/p>\n<p>Angefangen bei Maria, der Mutter Jesu, die in ihrem Lobgesang \u201eMagnifikat\u201c die bestehende Welt unter dem Einfluss Gottes auf den Kopf gestellt sieht, \u00fcber Hildegard von Bingen, die als gro\u00dfe Denkerin des Mittelalters nicht nur auf viele Menschen gewirkt, sondern auch viele Lieder gesammelt und neu zusammenstellt hat, hin zu Clara Schumann (einst auf dem 100-Mark-Schein verewigt), die neben ihrem Mann Robert Schumann als Komponistin und begnadete Pianistin f\u00fcr Aufsehen sorgte.<\/p>\n<p>Doch nicht nur programmatisch widmet sich der Tanner Musiksommer 2012 dem Thema \u201eFrauen und Musik\u201c, sondern ganz bewusst ist das Programm so weit gef\u00e4chert, dass auch reine Frauen-Ensembles, Frauen als Texterinnen oder Adressatinnen in den Blick genommen werden.<\/p>\n<p><span style=\"text-decoration: underline;\">Pfingstsonntag, 27. Mai 2012 \u00e2\u20ac\u00a2 20 Uhr \u00e2\u20ac\u00a2 Stadtkirche Tann<\/span><strong><br \/>\nMagnificat anima mea<\/strong> &#8211; Klangstarkes f\u00fcr Blech, Chor und Orgel mit dem Kirchenchor Tann und dem Blechbl\u00e4ser-Ensemble \u201eSavoir Cuivre\u201c (W\u00fcrzburg) unter Leitung von Thomas N\u00fcdling.<\/p>\n<p><span style=\"text-decoration: underline;\">Pfingstmontag, 28. Mai 2012 \u00e2\u20ac\u00a2 20 Uhr \u00e2\u20ac\u00a2 Stadtkirche Tann<\/span><strong><br \/>\nFestgottesdienst \u2013 <\/strong>Predigt: Pfarrerin Ute Kohl (Fulda)<\/p>\n<p><span style=\"text-decoration: underline;\">Samstag, 9. Juni 2012 \u00e2\u20ac\u00a2 19 Uhr \u00e2\u20ac\u00a2 Schlossgarten Tann<\/span><strong><br \/>\nGENESIS \u2013 Sch\u00f6pfung im Licht<\/strong> &#8211; Poetische Impressionen am Abend mit dem Hamburger Schauspieler Rudolf H. Herget und Regionalkantor Ulrich Moormann<\/p>\n<p><span style=\"text-decoration: underline;\">Mittwoch, 13. Juni \u00e2\u20ac\u00a2 20 Uhr \u00e2\u20ac\u00a2 Alte Pfarrkirche Tann-Lahrbach:<\/span><strong><br \/>\nEngelskonzert<\/strong> \u2013 F\u00fcr diesen himmlischen H\u00f6rgenuss berichten Thomas N\u00fcdling (Orgel) und Simone Orf (Gesang) von den Eigenschaften der g\u00f6ttlichen Wesen als Kundschafter, Besch\u00fctzer, Trost- und Kraftspender.<\/p>\n<p><span style=\"text-decoration: underline;\">Samstag, 14. Juli 2012 \u00e2\u20ac\u00a2 19 Uhr \u00e2\u20ac\u00a2 Niklaskirche Tann<\/span><strong><br \/>\nOboen-Spektakel<\/strong> &#8211; Spitzenklang auf historischen Instrumenten mit dem nur aus Frauen bestehenden Ensemble CONCERT ROYAL<\/p>\n<p><span style=\"text-decoration: underline;\">29. Juli bis 26. August \u00e2\u20ac\u00a2 jeweils sonntags \u00e2\u20ac\u00a2 11:00\u00c2\u00a0 bis 11:30 Uhr \u00e2\u20ac\u00a2 Stadtkirche Tann<\/span><strong><br \/>\nTanner Orgelmatineen &#8211; <\/strong>Organisten und weitere Musiker der Region stellen die Vielfalt der Orgelmusik durch die Jahrhunderte vor.<\/p>\n<p><span style=\"text-decoration: underline;\">Sonntag, 19. August 2012 \u00e2\u20ac\u00a2 18 Uhr \u00e2\u20ac\u00a2 Stadtkirche Tann<\/span><strong><br \/>\nDie Loreleyas<\/strong> \u2013 F\u00fcnf Damen interpretieren, was sie anspricht, ber\u00fchrt oder am\u00fcsiert, a cappella\u00c2\u00a0 und mit Spa\u00df und Esprit.<\/p>\n<p><span style=\"text-decoration: underline;\">Sonntag, 26. August 2012 \u00e2\u20ac\u00a2 11:00\u00c2\u00a0 bis 11:30 Uhr \u00e2\u20ac\u00a2 Stadtkirche Tann<\/span><strong><br \/>\n100. Orgelmatinee<\/strong> \u2013 Dieses Doppeljubil\u00e4um wird mit Pauken und Trompeten und nat\u00fcrlich unserer Orgel gefeiert: Thomas N\u00fcdling (Orgel) und das \u201eEnsemble Trombastique\u201c.<\/p>\n<p><span style=\"text-decoration: underline;\">Sonntag, 16. September 2012 \u00e2\u20ac\u00a2 18 Uhr \u00e2\u20ac\u00a2 Dorfkirche Tann-Neuswarts<\/span><strong><br \/>\nDuo contrario<\/strong> &#8211; Keno Brandt (Orgel) und Herbert Bartmann (Dudelsack, Bombarde und Tin Whistle) bieten ungew\u00f6hnliche Kl\u00e4nge und ungewohnte Klangkombinationen fernab der \u00fcblichen folkloristischen Dudelsack-Klischees und sakralen Orgelschubladen.<\/p>\n<p><span style=\"text-decoration: underline;\">Sonntag, 23. September 2012<\/span><span style=\"text-decoration: underline;\"> \u00e2\u20ac\u00a2 18 Uhr \u00e2\u20ac\u00a2 Stadtkirche Tann<\/span><strong><br \/>\nRen\u00e9 Kollo<\/strong> &#8211; Der Startenor in Tann<\/p>\n<p><span style=\"text-decoration: underline;\">Samstag, 6. Oktober 2012 \u00e2\u20ac\u00a2 19 Uhr \/ Sonntag, 7. Oktober 2012 \u00e2\u20ac\u00a2 18 Uhr \u00e2\u20ac\u00a2 Stadtkirche Tann:<\/span><strong><br \/>\nUnd Gott sah, dass es gut war \u2013 <\/strong>Ein Sch\u00f6pfungsmusical von Anna Marita Engel (Text) und Thomas N\u00fcdling (Musik) f\u00fcr Kleine und Gro\u00dfe mit dem Kinderchor \u201eTanner Goldkehlchen\u201c (Ltg. Julia Simon) und dem Frauen- und Jugendchor \u201eMagic Voices\u201c (Ltg. Simone Orf) mit Band.<\/p>\n<p>Gef\u00f6rdert wird der Tanner Musiksommer von vielen Sponsoren und Konzertpaten, von der Stadt Tann und dem Kultursommer Main-Kinzig-Fulda. Karten gibt es im Vorverkauf in den Gesch\u00e4ftsstellen der VR-Bank NordRh\u00f6n und in Tann im Ochsenb\u00e4ckerHaus, bei Schreibwaren Krenzer und in\u00c2\u00a0 der Tourisinfo. Weitere Infos unter <a href=\"http:\/\/www.tannermusiksommer.de\" target=\"_blank\">www.tannermusiksommer.de<\/a><\/p>\n","protected":false},"excerpt":{"rendered":"<div class=\"tmnf_excerpt\"><p>Tann. Das Motto des Tanner Musiksommers 2012 lautet \u201eFrauen und Musik\u201c. Damit wollen die Verantwortlichen \u2013 der kirchenmusikalische Ausschuss der evangelischen Kirchengemeinde \u2013 die Bedeutung und die Rolle von Frauen im kulturellen Erbe und Leben sowie in der Kultur vor Augen f\u00fchren.<\/p>\n<\/div>","protected":false},"author":1,"featured_media":0,"comment_status":"closed","ping_status":"closed","sticky":false,"template":"","format":"standard","meta":{"footnotes":""},"categories":[1,50,44],"tags":[],"class_list":["post-97579","post","type-post","status-publish","format-standard","hentry","category-startseite","category-kirche","category-kultur"],"_links":{"self":[{"href":"https:\/\/www.fuldaernachrichten.de\/index.php?rest_route=\/wp\/v2\/posts\/97579","targetHints":{"allow":["GET"]}}],"collection":[{"href":"https:\/\/www.fuldaernachrichten.de\/index.php?rest_route=\/wp\/v2\/posts"}],"about":[{"href":"https:\/\/www.fuldaernachrichten.de\/index.php?rest_route=\/wp\/v2\/types\/post"}],"author":[{"embeddable":true,"href":"https:\/\/www.fuldaernachrichten.de\/index.php?rest_route=\/wp\/v2\/users\/1"}],"replies":[{"embeddable":true,"href":"https:\/\/www.fuldaernachrichten.de\/index.php?rest_route=%2Fwp%2Fv2%2Fcomments&post=97579"}],"version-history":[{"count":0,"href":"https:\/\/www.fuldaernachrichten.de\/index.php?rest_route=\/wp\/v2\/posts\/97579\/revisions"}],"wp:attachment":[{"href":"https:\/\/www.fuldaernachrichten.de\/index.php?rest_route=%2Fwp%2Fv2%2Fmedia&parent=97579"}],"wp:term":[{"taxonomy":"category","embeddable":true,"href":"https:\/\/www.fuldaernachrichten.de\/index.php?rest_route=%2Fwp%2Fv2%2Fcategories&post=97579"},{"taxonomy":"post_tag","embeddable":true,"href":"https:\/\/www.fuldaernachrichten.de\/index.php?rest_route=%2Fwp%2Fv2%2Ftags&post=97579"}],"curies":[{"name":"wp","href":"https:\/\/api.w.org\/{rel}","templated":true}]}}