{"id":97578,"date":"2012-04-27T00:11:03","date_gmt":"2012-04-27T00:11:03","guid":{"rendered":"http:\/\/www.fuldaer-nachrichten.de\/?p=97578"},"modified":"2012-04-26T08:11:29","modified_gmt":"2012-04-26T08:11:29","slug":"aktion-grundgesetz-am-5-mai-2012-in-fulda-auf-dem-universitatsplatz","status":"publish","type":"post","link":"https:\/\/www.fuldaernachrichten.de\/?p=97578","title":{"rendered":"Aktion Grundgesetz am 5. Mai 2012 in Fulda auf dem Universit\u00e4tsplatz"},"content":{"rendered":"<p>Fulda. Seit fast 20 Jahren veranstalten Verb\u00e4nde und Organisationen der Behindertenhilfe und -Selbsthilfe rund um den 5. Mai \u00fcberall in Deutschland Podiumsdiskussionen, Informationsgespr\u00e4che, Demonstrationen und andere Aktionen. Dabei geht es darum, die Kluft zwischen dem im Grundgesetz verankerten Anspruch der Gleichberechtigung f\u00fcr alle Menschen und der Lebenswirklichkeit St\u00fcck f\u00fcr St\u00fcck zu \u00fcberwinden. <!--more--><\/p>\n<p>In diesem Jahr dreht sich zum Aktionstag am 5. Mai alles um das Thema Barrierefreiheit. Denn Barrierefreiheit ist eine wesentliche Voraussetzung f\u00fcr eine inklusive Gesellschaft. Das macht auch Artikel 9 der UN-Konvention \u00fcber die Rechte von Menschen mit Behinderungen deutlich. Er verpflichtet alle Vertragsstaaten dazu, geeignete Ma\u00dfnahmen zu treffen, um Hindernisse und Zugangsbarrieren zu beseitigen.<\/p>\n<p>Unter dem Motto &#8220;Jede Barriere ist eine zu viel!&#8221; macht die Aktion Mensch zusammen mit ihren Mitglieds- verb\u00e4nden, den Verb\u00e4nden der Behindertenhilfe und -selbsthilfe sowie Aktivisten vor Ort auf die gro\u00dfe Relevanz dieses Artikels aufmerksam. Die Veranstaltungen zum 5. Mai sollen deutlich machen, dass von Barrierefreiheit alle profitieren &#8211; Menschen mit und ohne Behinderung.<\/p>\n<p>Die Liga der Freien Wohlfahrtspflege in Stadt und Landkreis Fulda, das Antoniusheim Fulda sowie das Fuldaer B\u00fcndnis Aktion Grundgesetz laden am 5. Mai zur Aktion Grundgesetz auf den Universit\u00e4tsplatz ein. Dort erwarten Sie zwischen 11 und 15.30 Uhr Aktionen und Informationsst\u00e4nde der mitwirkenden Organisationen und Selbsthilfegruppen zum Thema \u201eJede Barriere ist eine zu viel!\u201c Dieses Motto hat die Aktion Mensch zum diesj\u00e4hrigen Europ\u00e4ischen Protesttag f\u00fcr die Gleichstellung von Menschen mit Behinderung ausgerufen, der traditionell jedes Jahr am 5. Mai begangen wird.<\/p>\n","protected":false},"excerpt":{"rendered":"<div class=\"tmnf_excerpt\"><p>Fulda. Seit fast 20 Jahren veranstalten Verb\u00e4nde und Organisationen der Behindertenhilfe und -Selbsthilfe rund um den 5. Mai \u00fcberall in Deutschland Podiumsdiskussionen, Informationsgespr\u00e4che, Demonstrationen und andere Aktionen. Dabei geht es darum, die Kluft zwischen dem im Grundgesetz verankerten Anspruch der Gleichberechtigung f\u00fcr alle Menschen und der Lebenswirklichkeit St\u00fcck f\u00fcr St\u00fcck zu \u00fcberwinden.<\/p>\n<\/div>","protected":false},"author":1,"featured_media":0,"comment_status":"closed","ping_status":"closed","sticky":false,"template":"","format":"standard","meta":{"footnotes":""},"categories":[1],"tags":[],"class_list":["post-97578","post","type-post","status-publish","format-standard","hentry","category-startseite"],"_links":{"self":[{"href":"https:\/\/www.fuldaernachrichten.de\/index.php?rest_route=\/wp\/v2\/posts\/97578","targetHints":{"allow":["GET"]}}],"collection":[{"href":"https:\/\/www.fuldaernachrichten.de\/index.php?rest_route=\/wp\/v2\/posts"}],"about":[{"href":"https:\/\/www.fuldaernachrichten.de\/index.php?rest_route=\/wp\/v2\/types\/post"}],"author":[{"embeddable":true,"href":"https:\/\/www.fuldaernachrichten.de\/index.php?rest_route=\/wp\/v2\/users\/1"}],"replies":[{"embeddable":true,"href":"https:\/\/www.fuldaernachrichten.de\/index.php?rest_route=%2Fwp%2Fv2%2Fcomments&post=97578"}],"version-history":[{"count":0,"href":"https:\/\/www.fuldaernachrichten.de\/index.php?rest_route=\/wp\/v2\/posts\/97578\/revisions"}],"wp:attachment":[{"href":"https:\/\/www.fuldaernachrichten.de\/index.php?rest_route=%2Fwp%2Fv2%2Fmedia&parent=97578"}],"wp:term":[{"taxonomy":"category","embeddable":true,"href":"https:\/\/www.fuldaernachrichten.de\/index.php?rest_route=%2Fwp%2Fv2%2Fcategories&post=97578"},{"taxonomy":"post_tag","embeddable":true,"href":"https:\/\/www.fuldaernachrichten.de\/index.php?rest_route=%2Fwp%2Fv2%2Ftags&post=97578"}],"curies":[{"name":"wp","href":"https:\/\/api.w.org\/{rel}","templated":true}]}}