{"id":97575,"date":"2012-04-27T00:12:02","date_gmt":"2012-04-27T00:12:02","guid":{"rendered":"http:\/\/www.fuldaer-nachrichten.de\/?p=97575"},"modified":"2012-04-26T08:06:55","modified_gmt":"2012-04-26T08:06:55","slug":"orgelmatinee-mit-dr-martin-wenzel-am-12-mai-im-fuldaer-dom","status":"publish","type":"post","link":"https:\/\/www.fuldaernachrichten.de\/?p=97575","title":{"rendered":"Orgelmatinee mit Dr. Martin Wenzel am 12. Mai im Fuldaer Dom"},"content":{"rendered":"<p><a href=\"http:\/\/www.fuldaer-nachrichten.de\/wp-content\/uploads\/2012\/04\/Welzel.jpg\"><img fetchpriority=\"high\" decoding=\"async\" class=\"alignleft size-thumbnail wp-image-97576\" title=\"Welzel\" src=\"http:\/\/www.fuldaer-nachrichten.de\/wp-content\/uploads\/2012\/04\/Welzel-265x295.jpg\" alt=\"\" width=\"265\" height=\"295\" srcset=\"https:\/\/www.fuldaernachrichten.de\/wp-content\/uploads\/2012\/04\/Welzel-265x295.jpg 265w, https:\/\/www.fuldaernachrichten.de\/wp-content\/uploads\/2012\/04\/Welzel-237x265.jpg 237w, https:\/\/www.fuldaernachrichten.de\/wp-content\/uploads\/2012\/04\/Welzel.jpg 399w\" sizes=\"(max-width: 265px) 100vw, 265px\" \/><\/a>Fulda. Dr. Martin Welzel, ein herausragender Organist der j\u00fcngeren Generation, pr\u00e4sentiert am 12. Mai um 12.05 Uhr ein recht ungew\u00f6hnliches Programm im Fuldaer Dom. Camille Saint-Sa\u00c3\u00abns hat einiges f\u00fcr Orgel hinterlassen, wird aber selten gespielt. Mit Daniel Roth und George Barker stehen zwei Komponisten auf dem Programm, die noch aktiv komponieren, die aber ohne Zweifel in einem Stil komponieren, der auch f\u00fcr nicht unmittelbar neuer Musik Zugeneigte h\u00f6rbar ist.<\/p>\n","protected":false},"excerpt":{"rendered":"<div class=\"tmnf_excerpt\"><p>Fulda. Dr. Martin Welzel, ein herausragender Organist der j\u00fcngeren Generation, pr\u00e4sentiert am 12. Mai um 12.05 Uhr ein recht ungew\u00f6hnliches Programm im Fuldaer Dom. Camille Saint-Sa\u00c3\u00abns hat einiges f\u00fcr Orgel hinterlassen, wird aber selten gespielt. Mit Daniel Roth und George Barker stehen zwei Komponisten auf dem Programm, die noch aktiv komponieren, die aber ohne Zweifel &hellip;<\/p>\n<\/div>","protected":false},"author":1,"featured_media":0,"comment_status":"closed","ping_status":"closed","sticky":false,"template":"","format":"standard","meta":{"footnotes":""},"categories":[1,44],"tags":[],"class_list":["post-97575","post","type-post","status-publish","format-standard","hentry","category-startseite","category-kultur"],"_links":{"self":[{"href":"https:\/\/www.fuldaernachrichten.de\/index.php?rest_route=\/wp\/v2\/posts\/97575","targetHints":{"allow":["GET"]}}],"collection":[{"href":"https:\/\/www.fuldaernachrichten.de\/index.php?rest_route=\/wp\/v2\/posts"}],"about":[{"href":"https:\/\/www.fuldaernachrichten.de\/index.php?rest_route=\/wp\/v2\/types\/post"}],"author":[{"embeddable":true,"href":"https:\/\/www.fuldaernachrichten.de\/index.php?rest_route=\/wp\/v2\/users\/1"}],"replies":[{"embeddable":true,"href":"https:\/\/www.fuldaernachrichten.de\/index.php?rest_route=%2Fwp%2Fv2%2Fcomments&post=97575"}],"version-history":[{"count":0,"href":"https:\/\/www.fuldaernachrichten.de\/index.php?rest_route=\/wp\/v2\/posts\/97575\/revisions"}],"wp:attachment":[{"href":"https:\/\/www.fuldaernachrichten.de\/index.php?rest_route=%2Fwp%2Fv2%2Fmedia&parent=97575"}],"wp:term":[{"taxonomy":"category","embeddable":true,"href":"https:\/\/www.fuldaernachrichten.de\/index.php?rest_route=%2Fwp%2Fv2%2Fcategories&post=97575"},{"taxonomy":"post_tag","embeddable":true,"href":"https:\/\/www.fuldaernachrichten.de\/index.php?rest_route=%2Fwp%2Fv2%2Ftags&post=97575"}],"curies":[{"name":"wp","href":"https:\/\/api.w.org\/{rel}","templated":true}]}}