{"id":97385,"date":"2012-04-20T00:12:52","date_gmt":"2012-04-20T00:12:52","guid":{"rendered":"http:\/\/www.fuldaer-nachrichten.de\/?p=97385"},"modified":"2012-04-19T14:08:46","modified_gmt":"2012-04-19T14:08:46","slug":"anerkennungspramie-fur-freiwillige-feuerwehr-erweitert","status":"publish","type":"post","link":"https:\/\/www.fuldaernachrichten.de\/?p=97385","title":{"rendered":"Anerkennungspr\u00e4mie f\u00fcr Freiwillige Feuerwehr erweitert"},"content":{"rendered":"<p>Wiesbaden. Das hessische Kabinett hat auf Empfehlung von Innenminister Boris Rhein die Regelungen f\u00fcr die Anerkennungspr\u00e4mie des Landes Hessen f\u00fcr ehrenamtliche Feuerwehrangeh\u00f6rige erweitert. Innenminister Boris Rhein: \u201eMit der Neuregelung wollen wir gerade die Feuerwehrleute erfassen, die 41, 42 oder noch mehr Jahre engagiert und ehrenamtlich ihren Dienst in den Einsatzabteilungen versehen haben. Deshalb haben wir beschlossen, diesen verdienten Einsatzkr\u00e4ften die Anerkennungspr\u00e4mie f\u00fcr 40-j\u00e4hrige Dienste ausnahmsweise r\u00fcckwirkend zuzusprechen.\u201c<!--more--><br \/>\nBetroffen von der neuen Regelung sind sch\u00e4tzungsweise 1900 Feuerwehrm\u00e4nner und \u2013frauen, die mehr als 41 Jahre aktiven Dienst versehen haben und weiter in der Einsatzabteilung t\u00e4tig sind. In Hessen sichern neben den sechs Berufsfeuerwehren rund 74.000 Einsatzkr\u00e4fte in Freiwilligen Feuerwehren den Brandschutz und die allgemeine Hilfe. Voraussetzung f\u00fcr den Erhalt der gestaffelten Anerkennungspr\u00e4mie ist die aktive Dienstzeit in einer Einsatzabteilung der Freiwilligen Feuerwehr.<\/p>\n<p>So betr\u00e4gt die Anerkennungspr\u00e4mie nach 10 Jahren Dienstzeit 100 Euro, nach 20 Jahren Dienstzeit 200 Euro, nach 30 Jahren Dienstzeit 500 Euro und nach 40 Jahren Dienstzeit 1.000 Euro.<\/p>\n<p>\u201eMit der Neuregelung setzen wir die konstruktiven Vorschl\u00e4ge von Seiten der Feuerwehr um und unterstreichen nochmals deutlich die Wertsch\u00e4tzung f\u00fcr die unverzichtbare Arbeit der freiwilligen Einsatzkr\u00e4fte\u201c, so Minister Boris Rhein. Antr\u00e4ge f\u00fcr die rund 1900 Einsatzkr\u00e4fte k\u00f6nnen die Kommunen nach Ver\u00f6ffentlichung des Erlasses im Staatsanzeiger bei den Regierungspr\u00e4sidien stellen.<\/p>\n","protected":false},"excerpt":{"rendered":"<div class=\"tmnf_excerpt\"><p>Wiesbaden. Das hessische Kabinett hat auf Empfehlung von Innenminister Boris Rhein die Regelungen f\u00fcr die Anerkennungspr\u00e4mie des Landes Hessen f\u00fcr ehrenamtliche Feuerwehrangeh\u00f6rige erweitert. Innenminister Boris Rhein: \u201eMit der Neuregelung wollen wir gerade die Feuerwehrleute erfassen, die 41, 42 oder noch mehr Jahre engagiert und ehrenamtlich ihren Dienst in den Einsatzabteilungen versehen haben. Deshalb haben wir &hellip;<\/p>\n<\/div>","protected":false},"author":1,"featured_media":0,"comment_status":"closed","ping_status":"closed","sticky":false,"template":"","format":"standard","meta":{"footnotes":""},"categories":[1,71],"tags":[],"class_list":["post-97385","post","type-post","status-publish","format-standard","hentry","category-startseite","category-feuerwehr"],"_links":{"self":[{"href":"https:\/\/www.fuldaernachrichten.de\/index.php?rest_route=\/wp\/v2\/posts\/97385","targetHints":{"allow":["GET"]}}],"collection":[{"href":"https:\/\/www.fuldaernachrichten.de\/index.php?rest_route=\/wp\/v2\/posts"}],"about":[{"href":"https:\/\/www.fuldaernachrichten.de\/index.php?rest_route=\/wp\/v2\/types\/post"}],"author":[{"embeddable":true,"href":"https:\/\/www.fuldaernachrichten.de\/index.php?rest_route=\/wp\/v2\/users\/1"}],"replies":[{"embeddable":true,"href":"https:\/\/www.fuldaernachrichten.de\/index.php?rest_route=%2Fwp%2Fv2%2Fcomments&post=97385"}],"version-history":[{"count":0,"href":"https:\/\/www.fuldaernachrichten.de\/index.php?rest_route=\/wp\/v2\/posts\/97385\/revisions"}],"wp:attachment":[{"href":"https:\/\/www.fuldaernachrichten.de\/index.php?rest_route=%2Fwp%2Fv2%2Fmedia&parent=97385"}],"wp:term":[{"taxonomy":"category","embeddable":true,"href":"https:\/\/www.fuldaernachrichten.de\/index.php?rest_route=%2Fwp%2Fv2%2Fcategories&post=97385"},{"taxonomy":"post_tag","embeddable":true,"href":"https:\/\/www.fuldaernachrichten.de\/index.php?rest_route=%2Fwp%2Fv2%2Ftags&post=97385"}],"curies":[{"name":"wp","href":"https:\/\/api.w.org\/{rel}","templated":true}]}}