{"id":9732,"date":"2008-06-06T00:22:45","date_gmt":"2008-06-05T22:22:45","guid":{"rendered":"http:\/\/www.schoene-nachrichten.de\/?p=9732"},"modified":"2008-06-05T18:23:45","modified_gmt":"2008-06-05T16:23:45","slug":"fuldaer-jugendkathedralchor-zum-bonifatiusfest-in-dokkum","status":"publish","type":"post","link":"https:\/\/www.fuldaernachrichten.de\/?p=9732","title":{"rendered":"Fuldaer JugendKathedralChor zum Bonifatiusfest in Dokkum"},"content":{"rendered":"<p><a rel=\"lightbox[roadtrip]\" href=\"http:\/\/www.schoene-nachrichten.de\/wp-content\/uploads\/2008\/06\/jugendkathedralchor.jpg\" target=\"_blank\"><img decoding=\"async\" class=\"alignleft size-thumbnail wp-image-9734\" title=\"jugendkathedralchor\" src=\"http:\/\/www.schoene-nachrichten.de\/wp-content\/uploads\/2008\/06\/jugendkathedralchor-128x85.jpg\" alt=\"\" hspace=\"5\" width=\"128\" height=\"85\" align=\"left\" srcset=\"https:\/\/www.fuldaernachrichten.de\/wp-content\/uploads\/2008\/06\/jugendkathedralchor-128x85.jpg 128w, https:\/\/www.fuldaernachrichten.de\/wp-content\/uploads\/2008\/06\/jugendkathedralchor.jpg 592w\" sizes=\"(max-width: 128px) 100vw, 128px\" \/><\/a><strong>Fulda<\/strong>. Am 1. Juni 2008 feierte die katholische Pfarrgemeinde im niederl\u00e4ndischen Dokkum das diesj\u00e4hrige Bonifatiusfest. Mehr als 700 katholische Christinnen und Christen der weit gestreuten Diasporagemeinde trafen sich zur Wallfahrt und zum Gottesdienst im renovierten Heiligtum, der sogenannten Bonifatiuskapelle, mit G\u00e4sten aus Deutschland und England, darunter auch der Fuldaer Domkapellmeister Franz-Peter Huber mit 71 S\u00e4ngerinnen und S\u00e4ngern des JugendKathedralChors sowie Vertretern des Bistums Fulda und Privatpersonen aus der deutschen Bonifatiusstadt.<!--more--><\/p>\n<p>Die S\u00e4ngerinnen und S\u00e4nger gingen mit der Prozession von der Dokkumer Bonifatiuskirche durch die Innenstadt zum Bonifatiusheiligtum im Prozessionspark. Bisher hat es \u00fcberhaupt nur zwei Prozessionen in der nordfriesischen und \u00fcberwiegend protestantischen Stadt gegeben. Im Wallfahrtsheiligtum fand ein festlicher Gottesdienst statt, der vom Generalvikar des Bistums Groningen-Leeuwarden, Msgr. van Ulfen OFM, geleitet wurde. Die musikalische Gestaltung hatte der JugendKathedral-Chor Fulda \u00fcbernommen.<\/p>\n<p>Unter Leitung von Domkapellmeister Franz-Peter Huber sang der Chor unter anderem Teile aus der Messe \u201ePrinceps Pacis\u201c von William Lloyd Webber. Begleitet wurde der JugendKathedralChor vom Organisten der Holy Cross Church Neil A. Page aus Crediton, der Geburtsstadt des heiligen Bonifatius. Am Ende des Gottesdienstes blieben die Besucher in der Bonifatiuskapelle, um noch dem kleinen Konzert des Chors zu lauschen. Die jungen S\u00e4ngerinnen und S\u00e4nger brachten mit ihren vorz\u00fcglich ausgebildeten Stimmen geistliche und weltliche Lieder aus unterschiedlichen Musikepochen zu Geh\u00f6r.<\/p>\n<p>Beim Volkslied \u201eSah ein Knab ein R\u00f6slein steh\u00e2\u20ac\u2122n\u201c summten nicht wenige Zuh\u00f6rer mit. Als das Konzert mit dem vom Chor in niederl\u00e4ndischer Sprache einstudierten \u201eWilhelmus\u201c, der niederl\u00e4ndischen Nationalhymne, endete, wurden die Fuldaer S\u00e4ngerinnen und S\u00e4nger mit \u201estanding ovations\u201c verabschiedet. Ein Niederl\u00e4nder fasste seinen Eindruck so zusammen: \u201eHet koor uit Fulda zong de sterren van de hemel. Ze waren in \u00e9\u00e9n word geweldig!\u201c (Der Chor aus Fulda sang die Sterne vom Himmel. Die S\u00e4nger sind, mit einem Wort, sehr beeindruckend gewesen.)<\/p>\n<p>Franz-Peter Huber war mit den S\u00e4ngerinnen und S\u00e4ngern bereits am Freitag nach Dokkum gereist. Dort wurden sie von Pastor Paul Verheijen und Tjeerd Jorna im Namen der Dokkumer Pfarrgemeinde begr\u00fc\u00dft. Am Samstag unternahm der Chor einen Ausflug auf die Insel Schiermanikoog. Am Abend wurden die S\u00e4ngerinnen und S\u00e4nger mit einem gelungenen Grillfest \u00fcberrascht.<\/p>\n","protected":false},"excerpt":{"rendered":"<div class=\"tmnf_excerpt\"><p>Fulda. Am 1. Juni 2008 feierte die katholische Pfarrgemeinde im niederl\u00e4ndischen Dokkum das diesj\u00e4hrige Bonifatiusfest. Mehr als 700 katholische Christinnen und Christen der weit gestreuten Diasporagemeinde trafen sich zur Wallfahrt und zum Gottesdienst im renovierten Heiligtum, der sogenannten Bonifatiuskapelle, mit G\u00e4sten aus Deutschland und England, darunter auch der Fuldaer Domkapellmeister Franz-Peter Huber mit 71 S\u00e4ngerinnen &hellip;<\/p>\n<\/div>","protected":false},"author":1,"featured_media":0,"comment_status":"closed","ping_status":"closed","sticky":false,"template":"","format":"standard","meta":{"footnotes":""},"categories":[1],"tags":[],"class_list":["post-9732","post","type-post","status-publish","format-standard","hentry","category-startseite"],"_links":{"self":[{"href":"https:\/\/www.fuldaernachrichten.de\/index.php?rest_route=\/wp\/v2\/posts\/9732","targetHints":{"allow":["GET"]}}],"collection":[{"href":"https:\/\/www.fuldaernachrichten.de\/index.php?rest_route=\/wp\/v2\/posts"}],"about":[{"href":"https:\/\/www.fuldaernachrichten.de\/index.php?rest_route=\/wp\/v2\/types\/post"}],"author":[{"embeddable":true,"href":"https:\/\/www.fuldaernachrichten.de\/index.php?rest_route=\/wp\/v2\/users\/1"}],"replies":[{"embeddable":true,"href":"https:\/\/www.fuldaernachrichten.de\/index.php?rest_route=%2Fwp%2Fv2%2Fcomments&post=9732"}],"version-history":[{"count":0,"href":"https:\/\/www.fuldaernachrichten.de\/index.php?rest_route=\/wp\/v2\/posts\/9732\/revisions"}],"wp:attachment":[{"href":"https:\/\/www.fuldaernachrichten.de\/index.php?rest_route=%2Fwp%2Fv2%2Fmedia&parent=9732"}],"wp:term":[{"taxonomy":"category","embeddable":true,"href":"https:\/\/www.fuldaernachrichten.de\/index.php?rest_route=%2Fwp%2Fv2%2Fcategories&post=9732"},{"taxonomy":"post_tag","embeddable":true,"href":"https:\/\/www.fuldaernachrichten.de\/index.php?rest_route=%2Fwp%2Fv2%2Ftags&post=9732"}],"curies":[{"name":"wp","href":"https:\/\/api.w.org\/{rel}","templated":true}]}}