{"id":9731,"date":"2008-06-06T00:35:07","date_gmt":"2008-06-05T22:35:07","guid":{"rendered":"http:\/\/www.schoene-nachrichten.de\/?p=9731"},"modified":"2008-06-05T18:24:56","modified_gmt":"2008-06-05T16:24:56","slug":"mediana-akademie-startet-neuen-kurs","status":"publish","type":"post","link":"https:\/\/www.fuldaernachrichten.de\/?p=9731","title":{"rendered":"Mediana Akademie startet neuen Kurs"},"content":{"rendered":"<p><a rel=\"lightbox[roadtrip]\" href=\"http:\/\/www.schoene-nachrichten.de\/wp-content\/uploads\/2008\/06\/pressefoto-prasenzmitarbeiterin.jpg\" target=\"_blank\"><img decoding=\"async\" class=\"alignleft size-thumbnail wp-image-9735\" title=\"pressefoto-prasenzmitarbeiterin\" src=\"http:\/\/www.schoene-nachrichten.de\/wp-content\/uploads\/2008\/06\/pressefoto-prasenzmitarbeiterin-128x85.jpg\" alt=\"\" hspace=\"5\" width=\"128\" height=\"85\" align=\"left\" srcset=\"https:\/\/www.fuldaernachrichten.de\/wp-content\/uploads\/2008\/06\/pressefoto-prasenzmitarbeiterin-128x85.jpg 128w, https:\/\/www.fuldaernachrichten.de\/wp-content\/uploads\/2008\/06\/pressefoto-prasenzmitarbeiterin.jpg 592w\" sizes=\"(max-width: 128px) 100vw, 128px\" \/><\/a><strong>Fulda.<\/strong> So etwas wie Jubil\u00e4umsstimmung herrscht bei dem diesj\u00e4hrigen IHK-Lehrgang \u201ePr\u00e4senzmitarbeiter\/in in der Altenhilfe\u201c, den die Mediana Akademie am 29. August in Fulda startet: Genau 5 Jahre ist es nun her, dass die Qualifizierung mit dem Quality Award des Bundesverbandes privater Anbieter sozialer Dienstleistungen (bpa) ausgezeichnet worden ist, und im nun sechsten Kurs wird die mittlerweile 1.000ste Unterrichtseinheit angeboten.<!--more--><\/p>\n<p>Dar\u00fcber hinaus erwartet die Mediana Akademie f\u00fcr den 172 Stunden umfassenden Lehrgang ihren 75. Teilnehmer, der dann im Dezember 2008 hoffentlich erfolgreich die Qualifizierung abschlie\u00dfen wird. Die Weiterbildung bereit die Teilnehmer f\u00fcr eine sp\u00e4tere T\u00e4tigkeit in einer station\u00e4ren Hausgemeinschaft oder auch in einer ambulant betreuten Wohngruppe vor. Derzeit besch\u00e4ftigt Mediana in diesem Bereich \u00fcber vierzig Mitarbeiter und wird hier seine Angebote zuk\u00fcnftig noch weiter ausbauen.<\/p>\n","protected":false},"excerpt":{"rendered":"<div class=\"tmnf_excerpt\"><p>Fulda. So etwas wie Jubil\u00e4umsstimmung herrscht bei dem diesj\u00e4hrigen IHK-Lehrgang \u201ePr\u00e4senzmitarbeiter\/in in der Altenhilfe\u201c, den die Mediana Akademie am 29. August in Fulda startet: Genau 5 Jahre ist es nun her, dass die Qualifizierung mit dem Quality Award des Bundesverbandes privater Anbieter sozialer Dienstleistungen (bpa) ausgezeichnet worden ist, und im nun sechsten Kurs wird die &hellip;<\/p>\n<\/div>","protected":false},"author":1,"featured_media":0,"comment_status":"closed","ping_status":"closed","sticky":false,"template":"","format":"standard","meta":{"footnotes":""},"categories":[1],"tags":[],"class_list":["post-9731","post","type-post","status-publish","format-standard","hentry","category-startseite"],"_links":{"self":[{"href":"https:\/\/www.fuldaernachrichten.de\/index.php?rest_route=\/wp\/v2\/posts\/9731","targetHints":{"allow":["GET"]}}],"collection":[{"href":"https:\/\/www.fuldaernachrichten.de\/index.php?rest_route=\/wp\/v2\/posts"}],"about":[{"href":"https:\/\/www.fuldaernachrichten.de\/index.php?rest_route=\/wp\/v2\/types\/post"}],"author":[{"embeddable":true,"href":"https:\/\/www.fuldaernachrichten.de\/index.php?rest_route=\/wp\/v2\/users\/1"}],"replies":[{"embeddable":true,"href":"https:\/\/www.fuldaernachrichten.de\/index.php?rest_route=%2Fwp%2Fv2%2Fcomments&post=9731"}],"version-history":[{"count":0,"href":"https:\/\/www.fuldaernachrichten.de\/index.php?rest_route=\/wp\/v2\/posts\/9731\/revisions"}],"wp:attachment":[{"href":"https:\/\/www.fuldaernachrichten.de\/index.php?rest_route=%2Fwp%2Fv2%2Fmedia&parent=9731"}],"wp:term":[{"taxonomy":"category","embeddable":true,"href":"https:\/\/www.fuldaernachrichten.de\/index.php?rest_route=%2Fwp%2Fv2%2Fcategories&post=9731"},{"taxonomy":"post_tag","embeddable":true,"href":"https:\/\/www.fuldaernachrichten.de\/index.php?rest_route=%2Fwp%2Fv2%2Ftags&post=9731"}],"curies":[{"name":"wp","href":"https:\/\/api.w.org\/{rel}","templated":true}]}}