{"id":9728,"date":"2008-06-06T00:48:07","date_gmt":"2008-06-05T22:48:07","guid":{"rendered":"http:\/\/www.schoene-nachrichten.de\/?p=9728"},"modified":"2008-06-05T18:26:16","modified_gmt":"2008-06-05T16:26:16","slug":"dekra-safetycheck-auch-in-2008-in-fulda","status":"publish","type":"post","link":"https:\/\/www.fuldaernachrichten.de\/?p=9728","title":{"rendered":"DEKRA SafetyCheck auch in 2008 in Fulda"},"content":{"rendered":"<p><strong>Fulda. <\/strong>Vom 2. Juni bis 12. Juli 2008 f\u00fchrt DEKRA wieder kostenlose Sicherheitschecks an den Autos junger Verkehrsteilnehmer durch. In dieser Zeit k\u00f6nnen Jugendliche im Alter zwischen 18 und 25 Jahren ihre Fahrzeuge bei den Sachverst\u00e4ndigen der DEKRA Pr\u00fcfstelle in Fulda vorf\u00fchren und auf sicherheitsrelevante M\u00e4ngel begutachten lassen. Ziel dieser Verkehrssicherheitsaktion sei es, das Unfallrisiko dieser Altersgruppe auf ein Minimum zu reduzieren. <!--more--><\/p>\n<p>\u201eJunge Fahrer sind h\u00e4ufig in \u00e4lteren Autos unterwegs, die nach wie vor durch eine extrem hohe M\u00e4ngelquote und ein \u00fcberdurchschnittliches Unfallrisiko auffallen\u201c, sagt  Thorsten Goppel, Abteilungsleiter der DEKRA Niederlassung Fulda. Der Auto-Experte empfiehlt den jungen Fahrerinnen und Fahrer daher dringend, an der DEKRA Aktion \u201eSafetyCheck\u201c teilzunehmen. Sie koste kein Geld und f\u00fchre auch nicht zur Aberkennung einer vorhandenen Pr\u00fcfplakette, falls erhebliche Sicherheitsm\u00e4ngel festgestellt werden. Daf\u00fcr erfahren die Teilnehmer anschaulich, wie es tats\u00e4chlich um die Sicherheit ihrer Fahrzeuge bestellt ist.<\/p>\n<p>Die Sachverst\u00e4ndigen nehmen Fahrwerk, R\u00e4der und Reifen unter die Lupe, untersuchen die Bremsen und pr\u00fcfen Lenkung, Licht und Sicht. Zus\u00e4tzlich checken sie Motor, Abgasanlage und Sicherheitsgurte.<br \/>\nWie schon im Vorjahr hat der Bundesminister f\u00fcr Verkehr, Bau und Stadtentwicklung, Wolfgang Tiefensee, die Schirmherrschaft f\u00fcr die bundesweite Verkehrssicherheitsaktion \u201eSafetyCheck\u201c des DEKRA \u00fcbernommen. \u201eLeider sterben noch immer zu viele Jugendliche im Stra\u00dfenverkehr. Daher freue ich mich \u00fcber diese sinnvolle Sicherheitsinitiative von DEKRA\u201c, so der Bundesverkehrsminister w\u00e4hrend der Auftaktveranstaltung am 21. Mai dieses Jahres in Berlin.<\/p>\n<p>In 2007 pr\u00fcfte DEKRA im Rahmen der \u201eSafetyCheck\u201c-Aktion bundesweit 14.000 Autos und fand dabei \u00fcber 37.000 M\u00e4ngel. Mehr als drei Viertel (83 Prozent) der Pkw wiesen erhebliche Sicherheitsm\u00e4ngel auf. Im Durchschnitt waren die untersuchten Fahrzeuge 10,8 Jahre alt und hatten im Mittel rund 115.000 Kilometer absolviert. Nur die H\u00e4lfte von ihnen verf\u00fcgte \u00fcber Sicherheitseinrichtungen wie Fahrerairbag, ABS oder ESP.<\/p>\n<p>Insgesamt 84.303 junge M\u00e4nner und Frauen im Alter zwischen 18 und 25 Jahren verungl\u00fcckten bei Verkehrsunf\u00e4llen in 2006 auf deutschen Stra\u00dfen. 1.011 von ihnen kamen dabei ums Leben. \u201eAus diesem Grund haben wir uns f\u00fcr eine Neuauflage der erfolgversprechenden Verkehrssicherheitsaktion \u201eSafetyCheck\u201c in 2008 entschieden\u201c, erkl\u00e4rte Goppel.<\/p>\n","protected":false},"excerpt":{"rendered":"<div class=\"tmnf_excerpt\"><p>Fulda. Vom 2. Juni bis 12. Juli 2008 f\u00fchrt DEKRA wieder kostenlose Sicherheitschecks an den Autos junger Verkehrsteilnehmer durch. In dieser Zeit k\u00f6nnen Jugendliche im Alter zwischen 18 und 25 Jahren ihre Fahrzeuge bei den Sachverst\u00e4ndigen der DEKRA Pr\u00fcfstelle in Fulda vorf\u00fchren und auf sicherheitsrelevante M\u00e4ngel begutachten lassen. Ziel dieser Verkehrssicherheitsaktion sei es, das Unfallrisiko &hellip;<\/p>\n<\/div>","protected":false},"author":1,"featured_media":0,"comment_status":"closed","ping_status":"closed","sticky":false,"template":"","format":"standard","meta":{"footnotes":""},"categories":[1,72],"tags":[],"class_list":["post-9728","post","type-post","status-publish","format-standard","hentry","category-startseite","category-jugend"],"_links":{"self":[{"href":"https:\/\/www.fuldaernachrichten.de\/index.php?rest_route=\/wp\/v2\/posts\/9728","targetHints":{"allow":["GET"]}}],"collection":[{"href":"https:\/\/www.fuldaernachrichten.de\/index.php?rest_route=\/wp\/v2\/posts"}],"about":[{"href":"https:\/\/www.fuldaernachrichten.de\/index.php?rest_route=\/wp\/v2\/types\/post"}],"author":[{"embeddable":true,"href":"https:\/\/www.fuldaernachrichten.de\/index.php?rest_route=\/wp\/v2\/users\/1"}],"replies":[{"embeddable":true,"href":"https:\/\/www.fuldaernachrichten.de\/index.php?rest_route=%2Fwp%2Fv2%2Fcomments&post=9728"}],"version-history":[{"count":0,"href":"https:\/\/www.fuldaernachrichten.de\/index.php?rest_route=\/wp\/v2\/posts\/9728\/revisions"}],"wp:attachment":[{"href":"https:\/\/www.fuldaernachrichten.de\/index.php?rest_route=%2Fwp%2Fv2%2Fmedia&parent=9728"}],"wp:term":[{"taxonomy":"category","embeddable":true,"href":"https:\/\/www.fuldaernachrichten.de\/index.php?rest_route=%2Fwp%2Fv2%2Fcategories&post=9728"},{"taxonomy":"post_tag","embeddable":true,"href":"https:\/\/www.fuldaernachrichten.de\/index.php?rest_route=%2Fwp%2Fv2%2Ftags&post=9728"}],"curies":[{"name":"wp","href":"https:\/\/api.w.org\/{rel}","templated":true}]}}