{"id":9720,"date":"2008-06-24T01:07:16","date_gmt":"2008-06-23T23:07:16","guid":{"rendered":"http:\/\/www.schoene-nachrichten.de\/?p=9720"},"modified":"2009-05-03T15:56:05","modified_gmt":"2009-05-03T13:56:05","slug":"heiliger-des-tages-heute-heiliger-johannes-der-taeufer","status":"publish","type":"post","link":"https:\/\/www.fuldaernachrichten.de\/?p=9720","title":{"rendered":"&#8220;Heiliger des Tages&#8221; &#8211; heute: Heiliger Johannes der T\u00e4ufer"},"content":{"rendered":"<p><img decoding=\"async\" src=\"http:\/\/www.schoene-nachrichten.de\/wp-content\/uploads\/2007\/07\/070704_bistum1.jpg\" alt=\"070704_bistum1.jpg\" hspace=\"5\" align=\"left\" \/><strong>Serie.<\/strong> Am 24. Juni ist der Namenstag des Heiligen Johannes des T\u00e4ufers. Der Name kommt aus dem Hebr\u00e4ischen und bedeutet: \u201eGott ist gn\u00e4dig\u201c. Johannes war der Sohn des j\u00fcdischen Priesters Zacharias und seiner Frau Elisabeth. Durch den Erzengel Gabriel erhielt Zacharias die Botschaft, dass ihm ein Sohn geboren werde, er zweifelte, bat um ein Zeichen und wurde mit Stummheit geschlagen.<\/p>\n<p><strong>Flash-Video ansehen:<\/strong><\/p>\n<p><!--more-->[flv:080624_Bistum.flv wp-content\/uploads\/2008\/03\/080314_Bistum.jpg 400 300]<\/p>\n<p>Die im hohen Alter schwanger gewordene Elisabeth besuchte ihre Cousine Maria, die Gottesmutter, und das Kind h\u00fcpfte vor Freude in ihrem Leibe. Nach der Geburt erhielt Zacharias seine Sprache zur\u00fcck. Johannes wurde 6 Monate vor Christus, wahrscheinlich in Ain Karim bei Jerusalem, geboren. Johannes der T\u00e4ufer war der Mann der W\u00fcste. Mit 30 Jahren trat der \u201eVorl\u00e4ufer\u201c als Prophet unter die Menschen und ersch\u00fctterte das ganze Volk.<\/p>\n<p>Den Pharis\u00e4ern und Sadduz\u00e4ern schlug er die Vorrechte aus der Hand, er nannte sie Schlangenbrut und drohte ihnen mit dem Gerichte Gottes. Weithin erklang seine Stimme, schonungslos rief er zur Bu\u00dfe auf: Bekehret euch, denn das Himmelreich ist nahe. In Scharen zogen sie zu ihm und lie\u00dfen sich taufen.<\/p>\n<p>Aber Johannes weist auf den, der nach ihm kommt und der st\u00e4rker ist als er. Er sagt: Ich bin nicht wert, ihm die Schuhriemen zu l\u00f6sen, und deutet auf Jesus, den er mit seinen H\u00e4nden im Jordan tauft, denn dieser hatte von ihm die Taufe begehrt.<\/p>\n<p>Johannes der T\u00e4ufer starb den Martertod. Er wurde enthauptet und Salome brachte ihrer Mutter das Haupt auf einer Schale. Der Legende nach begruben Andreas und Johannes den Leichnam in Samaria. In Ain Karim steht die Kirche des Heiligen Johannes.<\/p>\n<p>Der Heilige Johannes der T\u00e4ufer ist der Patron von Burgund, Malta, der Provence, von Florenz und Amiens sowie vieler Berufsgruppen. Auch die Johanniter tragen seinen Namen. Dargestellt wird der Heilige im Fellgewand, mit Spruchband auf dem steht, Ecce Agnus Dei, mit Lamm und Kreuzstab.<\/p>\n","protected":false},"excerpt":{"rendered":"<div class=\"tmnf_excerpt\"><p>Serie. Am 24. Juni ist der Namenstag des Heiligen Johannes des T\u00e4ufers. Der Name kommt aus dem Hebr\u00e4ischen und bedeutet: \u201eGott ist gn\u00e4dig\u201c. Johannes war der Sohn des j\u00fcdischen Priesters Zacharias und seiner Frau Elisabeth. Durch den Erzengel Gabriel erhielt Zacharias die Botschaft, dass ihm ein Sohn geboren werde, er zweifelte, bat um ein Zeichen &hellip;<\/p>\n<\/div>","protected":false},"author":1,"featured_media":0,"comment_status":"closed","ping_status":"closed","sticky":false,"template":"","format":"standard","meta":{"footnotes":""},"categories":[1,79,50],"tags":[],"class_list":["post-9720","post","type-post","status-publish","format-standard","hentry","category-startseite","category-kino","category-kirche"],"_links":{"self":[{"href":"https:\/\/www.fuldaernachrichten.de\/index.php?rest_route=\/wp\/v2\/posts\/9720","targetHints":{"allow":["GET"]}}],"collection":[{"href":"https:\/\/www.fuldaernachrichten.de\/index.php?rest_route=\/wp\/v2\/posts"}],"about":[{"href":"https:\/\/www.fuldaernachrichten.de\/index.php?rest_route=\/wp\/v2\/types\/post"}],"author":[{"embeddable":true,"href":"https:\/\/www.fuldaernachrichten.de\/index.php?rest_route=\/wp\/v2\/users\/1"}],"replies":[{"embeddable":true,"href":"https:\/\/www.fuldaernachrichten.de\/index.php?rest_route=%2Fwp%2Fv2%2Fcomments&post=9720"}],"version-history":[{"count":2,"href":"https:\/\/www.fuldaernachrichten.de\/index.php?rest_route=\/wp\/v2\/posts\/9720\/revisions"}],"predecessor-version":[{"id":27694,"href":"https:\/\/www.fuldaernachrichten.de\/index.php?rest_route=\/wp\/v2\/posts\/9720\/revisions\/27694"}],"wp:attachment":[{"href":"https:\/\/www.fuldaernachrichten.de\/index.php?rest_route=%2Fwp%2Fv2%2Fmedia&parent=9720"}],"wp:term":[{"taxonomy":"category","embeddable":true,"href":"https:\/\/www.fuldaernachrichten.de\/index.php?rest_route=%2Fwp%2Fv2%2Fcategories&post=9720"},{"taxonomy":"post_tag","embeddable":true,"href":"https:\/\/www.fuldaernachrichten.de\/index.php?rest_route=%2Fwp%2Fv2%2Ftags&post=9720"}],"curies":[{"name":"wp","href":"https:\/\/api.w.org\/{rel}","templated":true}]}}