{"id":9719,"date":"2008-06-21T00:27:06","date_gmt":"2008-06-20T22:27:06","guid":{"rendered":"http:\/\/www.schoene-nachrichten.de\/?p=9719"},"modified":"2009-05-03T15:59:56","modified_gmt":"2009-05-03T13:59:56","slug":"heilige-des-tages-heute-heiliger-aloisiusluigi","status":"publish","type":"post","link":"https:\/\/www.fuldaernachrichten.de\/?p=9719","title":{"rendered":"&#8220;Heiliger des Tages&#8221; &#8211; heute: Heiliger Aloisius\/Luigi"},"content":{"rendered":"<p><img decoding=\"async\" src=\"http:\/\/www.schoene-nachrichten.de\/wp-content\/uploads\/2007\/07\/070704_bistum1.jpg\" alt=\"070704_bistum1.jpg\" hspace=\"5\" align=\"left\" \/><strong>Serie.<\/strong> Am 21. Juni ist der Namenstag des Heiligen Aloisius, auf italienisch Luigi. Der Name kommt aus dem Lateinischen und bedeutet: \u201eder ganz Weise\u201c. Aloisius wurde im M\u00e4rz 1568 als Sohn des Markgrafen Ferdinand von Gonzaga geboren und wuchs im Schloss Castilione bei Mantua auf.<\/p>\n<p><strong>Flash-Video ansehen:<\/strong><\/p>\n<p><!--more-->[flv:080621_Bistum.flv wp-content\/uploads\/2008\/03\/080314_Bistum.jpg 400 300]<\/p>\n<p>Der Vater wollte nichts von den religi\u00f6sen Neigungen seines Sohnes wissen. Er schickte ihn an die F\u00fcrstenh\u00f6fe, zu den Medici nach Florenz und zum Herzog von Mantua. Das \u00fcppige, h\u00f6fische Leben gefiel dem erst 8-j\u00e4hrigen Jungen nicht. Er war stark beeindruckt von dem Heiligen Carlo Borromeo, aus dessen Hand er die Erste Heilige Kommunion empfing.<\/p>\n<p>Der Vater schickte Aloisius nach Spanien an den Hof Philipps II in Madrid. Auch hier folgte er seinen religi\u00f6sen Stimmungen und schloss sich schlie\u00dflich der Gesellschaft Jesu an. Aloisius verzichtete auf sein Erbe als Erstgeborener zu Gunsten seines j\u00fcngeren Bruders.<\/p>\n<p>In Rom trat er sein Noviziat an, wobei ihm die Eingew\u00f6hnungszeit schwer fiel. Obwohl der Vater mit ihm alle Verbindungen abgebrochen hatte, gelang es Aloisius einen Streit innerhalb der Familie zu schlichten und die Spaltung zu verhindern.<\/p>\n<p>Aloisius widmete sich der Krankenpflege und als im Jahre 1591 die Pest ausbrach, wurde dies auch zum Todesjahr von Aloisius. Der Heilige Aloisius starb am 21. Juni 1591. Papst Benedikt XIII sprach ihn 1726 heilig.<\/p>\n<p>Seine Gebeine ruhen in St. Ignazio in Rom. Dargestellt wird er als Jesuit im Chorrock ohne Stola im Gebet vor einem Kreuz. Das Attribut des Heiligen Aloisius ist die Lilie, das Sinnbild der Reinheit. Der Heilige Aloisius ist der Patron von Mantua und der studierenden Jugend.<\/p>\n","protected":false},"excerpt":{"rendered":"<div class=\"tmnf_excerpt\"><p>Serie. Am 21. Juni ist der Namenstag des Heiligen Aloisius, auf italienisch Luigi. Der Name kommt aus dem Lateinischen und bedeutet: \u201eder ganz Weise\u201c. Aloisius wurde im M\u00e4rz 1568 als Sohn des Markgrafen Ferdinand von Gonzaga geboren und wuchs im Schloss Castilione bei Mantua auf. Flash-Video ansehen:<\/p>\n<\/div>","protected":false},"author":1,"featured_media":0,"comment_status":"closed","ping_status":"closed","sticky":false,"template":"","format":"standard","meta":{"footnotes":""},"categories":[1,79,50],"tags":[],"class_list":["post-9719","post","type-post","status-publish","format-standard","hentry","category-startseite","category-kino","category-kirche"],"_links":{"self":[{"href":"https:\/\/www.fuldaernachrichten.de\/index.php?rest_route=\/wp\/v2\/posts\/9719","targetHints":{"allow":["GET"]}}],"collection":[{"href":"https:\/\/www.fuldaernachrichten.de\/index.php?rest_route=\/wp\/v2\/posts"}],"about":[{"href":"https:\/\/www.fuldaernachrichten.de\/index.php?rest_route=\/wp\/v2\/types\/post"}],"author":[{"embeddable":true,"href":"https:\/\/www.fuldaernachrichten.de\/index.php?rest_route=\/wp\/v2\/users\/1"}],"replies":[{"embeddable":true,"href":"https:\/\/www.fuldaernachrichten.de\/index.php?rest_route=%2Fwp%2Fv2%2Fcomments&post=9719"}],"version-history":[{"count":2,"href":"https:\/\/www.fuldaernachrichten.de\/index.php?rest_route=\/wp\/v2\/posts\/9719\/revisions"}],"predecessor-version":[{"id":27698,"href":"https:\/\/www.fuldaernachrichten.de\/index.php?rest_route=\/wp\/v2\/posts\/9719\/revisions\/27698"}],"wp:attachment":[{"href":"https:\/\/www.fuldaernachrichten.de\/index.php?rest_route=%2Fwp%2Fv2%2Fmedia&parent=9719"}],"wp:term":[{"taxonomy":"category","embeddable":true,"href":"https:\/\/www.fuldaernachrichten.de\/index.php?rest_route=%2Fwp%2Fv2%2Fcategories&post=9719"},{"taxonomy":"post_tag","embeddable":true,"href":"https:\/\/www.fuldaernachrichten.de\/index.php?rest_route=%2Fwp%2Fv2%2Ftags&post=9719"}],"curies":[{"name":"wp","href":"https:\/\/api.w.org\/{rel}","templated":true}]}}