{"id":97189,"date":"2012-04-18T00:09:45","date_gmt":"2012-04-18T00:09:45","guid":{"rendered":"http:\/\/www.fuldaer-nachrichten.de\/?p=97189"},"modified":"2012-04-18T10:40:27","modified_gmt":"2012-04-18T10:40:27","slug":"und-wenn-die-schule-vorbei-ist-tag-der-offenen-tur-an-der-hochschule-fulda","status":"publish","type":"post","link":"https:\/\/www.fuldaernachrichten.de\/?p=97189","title":{"rendered":"Und wenn die Schule vorbei ist? Tag der offenen T\u00fcr an der Hochschule Fulda"},"content":{"rendered":"<p><a href=\"http:\/\/www.fuldaer-nachrichten.de\/wp-content\/uploads\/2012\/04\/tdot.jpg\"><img fetchpriority=\"high\" decoding=\"async\" class=\"alignnone size-full wp-image-97190\" title=\"tdot\" src=\"http:\/\/www.fuldaer-nachrichten.de\/wp-content\/uploads\/2012\/04\/tdot.jpg\" alt=\"\" width=\"560\" height=\"357\" \/><\/a><\/p>\n<p>Fulda. Zum Tag der offenen T\u00fcr begr\u00fc\u00dfte der Pr\u00e4sident der Hochschule Fulda, Prof. Dr. Karim Khakzar, am heutigen Mittwoch vor allem Sch\u00fclerinnen und Sch\u00fcler. Ab 11 Uhr kamen viele \u2013 oft in ganzen Gruppen &#8211; um sich zu informieren.<\/p>\n<p>\u201eWas mache ich eigentlich, wenn die Schule vorbei ist, wo liegen meine Interessen und Begabungen?\u201c Vor solchen Fragen st\u00fcnden viele der Sch\u00fcler, die demn\u00e4chst die Entscheidung f\u00e4llen m\u00fcssten: Studieren oder nicht? Und wenn ja, was? Der Pr\u00e4sident der Hochschule Fulda wies in seiner Begr\u00fc\u00dfung darauf hin, dass sich gerade im Hochschulbereich in den letzten Jahren sehr viel ver\u00e4ndert habe. Durch die Einf\u00fchrung von Bachelor- und Masterstudieng\u00e4ngen seien die Abschl\u00fcsse von Fachhochschulen und Universit\u00e4ten gleichwertig geworden. Mittlerweile gebe es sogar an Fachhochschulen die M\u00f6glichkeit zu promovieren.<\/p>\n<p>Khakzar betonte\u00c2\u00a0 dass es gute Gr\u00fcnde gebe, in Fulda zu studieren: \u201eUnser Studienangebot deckt ein breites Spektrum ab. Wir haben darunter auch \u00e2\u20ac\u0161exotische\u00e2\u20ac\u02dc Studieng\u00e4nge, die es in Deutschland nur sehr selten gibt. Und mit \u00fcber sechstausend Studierenden ist die Hochschule Fulda zwar eine der gr\u00f6\u00dferen Fachhochschulen, aber dennoch \u00fcberschaubar.\u201c Das komme auch dem pers\u00f6nlichen Kontakt zwischen Studierenden und Lehrenden zugute. \u201eDer Tag der offenen T\u00fcr ist eine hervorragende Gelegenheit, die Hochschule zu erleben und sich einen guten \u00dcberblick zu verschaffen; Ich w\u00fcnsche Ihnen informative Stunden auf dem Campus\u201c, rief Khakzar zum Schluss seiner Ansprache den G\u00e4sten zu.<\/p>\n<p>Alle Fachbereiche \u00f6ffneten Seminare und Vorlesungen f\u00fcr G\u00e4ste und boten auch spezielle Einf\u00fchrungsveranstaltungen und Laborf\u00fchrungen an. Die Fachbereiche und die Zentrale Studienberatung hatten Informationsst\u00e4nde aufgebaut, die schnell dicht umlagert waren. Au\u00dferdem pr\u00e4sentierten sich Projekte der Fachbereiche und gaben vielf\u00e4ltige Einblicke in ihre Arbeit. St\u00e4nde der Hochschul- und Landesbibliothek, des Hochschulsports, des AStA, der Hochschulgemeinde, des Studentenwerkes und der Bigband der Hochschule vervollst\u00e4ndigten das bunte Bild in der Halle 8.<\/p>\n<p>Zahlreiche Schulklassen nutzten die Gelegenheit, sich \u00fcber den \u00dcbergang von der Schule zur Hochschule und m\u00f6gliche Studienf\u00e4cher zu informieren. Erstmals bot die Zentrale Studienberatung auch zwei Informationsveranstaltungen f\u00fcr Eltern an, deren Kinder demn\u00e4chst studieren wollen.<\/p>\n","protected":false},"excerpt":{"rendered":"<div class=\"tmnf_excerpt\"><p>Fulda. Zum Tag der offenen T\u00fcr begr\u00fc\u00dfte der Pr\u00e4sident der Hochschule Fulda, Prof. Dr. Karim Khakzar, am heutigen Mittwoch vor allem Sch\u00fclerinnen und Sch\u00fcler. Ab 11 Uhr kamen viele \u2013 oft in ganzen Gruppen &#8211; um sich zu informieren. \u201eWas mache ich eigentlich, wenn die Schule vorbei ist, wo liegen meine Interessen und Begabungen?\u201c Vor &hellip;<\/p>\n<\/div>","protected":false},"author":1,"featured_media":0,"comment_status":"closed","ping_status":"closed","sticky":false,"template":"","format":"standard","meta":{"footnotes":""},"categories":[1,53,78,48],"tags":[],"class_list":["post-97189","post","type-post","status-publish","format-standard","hentry","category-startseite","category-bildung","category-topthema","category-forschung"],"_links":{"self":[{"href":"https:\/\/www.fuldaernachrichten.de\/index.php?rest_route=\/wp\/v2\/posts\/97189","targetHints":{"allow":["GET"]}}],"collection":[{"href":"https:\/\/www.fuldaernachrichten.de\/index.php?rest_route=\/wp\/v2\/posts"}],"about":[{"href":"https:\/\/www.fuldaernachrichten.de\/index.php?rest_route=\/wp\/v2\/types\/post"}],"author":[{"embeddable":true,"href":"https:\/\/www.fuldaernachrichten.de\/index.php?rest_route=\/wp\/v2\/users\/1"}],"replies":[{"embeddable":true,"href":"https:\/\/www.fuldaernachrichten.de\/index.php?rest_route=%2Fwp%2Fv2%2Fcomments&post=97189"}],"version-history":[{"count":1,"href":"https:\/\/www.fuldaernachrichten.de\/index.php?rest_route=\/wp\/v2\/posts\/97189\/revisions"}],"predecessor-version":[{"id":97191,"href":"https:\/\/www.fuldaernachrichten.de\/index.php?rest_route=\/wp\/v2\/posts\/97189\/revisions\/97191"}],"wp:attachment":[{"href":"https:\/\/www.fuldaernachrichten.de\/index.php?rest_route=%2Fwp%2Fv2%2Fmedia&parent=97189"}],"wp:term":[{"taxonomy":"category","embeddable":true,"href":"https:\/\/www.fuldaernachrichten.de\/index.php?rest_route=%2Fwp%2Fv2%2Fcategories&post=97189"},{"taxonomy":"post_tag","embeddable":true,"href":"https:\/\/www.fuldaernachrichten.de\/index.php?rest_route=%2Fwp%2Fv2%2Ftags&post=97189"}],"curies":[{"name":"wp","href":"https:\/\/api.w.org\/{rel}","templated":true}]}}