{"id":9718,"date":"2008-06-16T00:25:24","date_gmt":"2008-06-15T22:25:24","guid":{"rendered":"http:\/\/www.schoene-nachrichten.de\/?p=9718"},"modified":"2009-05-03T16:00:33","modified_gmt":"2009-05-03T14:00:33","slug":"heiliger-des-tages-heute-heiliger-benno-von-meissen","status":"publish","type":"post","link":"https:\/\/www.fuldaernachrichten.de\/?p=9718","title":{"rendered":"&#8220;Heiliger des Tages&#8221; &#8211; heute: Heiliger Benno von Mei\u00dfen"},"content":{"rendered":"<p><img decoding=\"async\" src=\"http:\/\/www.schoene-nachrichten.de\/wp-content\/uploads\/2007\/07\/070704_bistum1.jpg\" alt=\"070704_bistum1.jpg\" hspace=\"5\" align=\"left\" \/><strong>Serie. <\/strong>Am 16. Juni ist der Gedenktag des Heiligen Benno von Mei\u00dfen. Der Name kommt aus dem Althochdeutschen und bedeutet: \u201eder B\u00e4renstarke\u201c. Benno wurde um das Jahr 1010 in ein s\u00e4chsisches Adelsgeschlecht in Hildesheim geboren.<\/p>\n<p>Schon mit 5 Jahren kam er in die Obhut eines Verwandten, dem Hl. Bischof Bernward von Hildesheim. Er legte mit 18 Jahren das Ordenskleid des Heiligen Benedikt an und erhielt 30-j\u00e4hrig die Priesterweihe.<\/p>\n<p><strong>Flash-Video ansehen:<\/strong><\/p>\n<p><!--more-->[flv:080616_Bistum.flv wp-content\/uploads\/2008\/03\/080314_Bistum.jpg 400 300]<\/p>\n<p>Benno wurde zum Abt erhoben, legte dieses Amt aber nach kurzer Zeit ab und zog sich in seine Zelle zur\u00fcck. Kaiser Heinrich III berief ihn zum Kanonikus des Stiftes Goslar, wo er 17 Jahre lang die Schule leitete. Sein Freund Anno, Erzbischof von K\u00f6ln, setzte sich daf\u00fcr ein, dass Benno Bischof von Mei\u00dfen wurde. Er war ein barmherziger, kluger Bischof, st\u00e4ndig auf Missionsreise in seinem Bistum.<\/p>\n<p>Doch seine segensreiche Arbeit wurde von K\u00f6nig Heinrich IV gest\u00f6rt. Benno verhielt sich in der kriegerischen Auseinandersetzung mit den Sachsen neutral, als Heinrich Mei\u00dfen eroberte und das Land verw\u00fcstete. Es war die Zeit des Investiturstreits zwischen dem Kaiser und Papst Gregor VII. Die Synode fand in Worms statt und Benno nahm nicht daran teil. Daraufhin musste er sein Bistum verlassen.<\/p>\n<p>1088 vers\u00f6hnten sich beide und Benno konnte in sein geliebtes Mei\u00dfen zur\u00fcckkehren, wo er mit gro\u00dfem Erfolg das Christentum predigte.  Mit 96 Jahren zog er sich nach Naumburg zur\u00fcck, wo er 1106 starb. Seine Gebeine wurden im Mei\u00dfner Dom beigesetzt.<\/p>\n<p>Als aber die Sachsen zum protestantischen Glauben \u00fcbertraten und man seine Gebeine nicht mehr sicher glaubte, konnte man diese nach M\u00fcnchen \u00fcberf\u00fchren, wo sie in der M\u00fcnchner Frauenkirche ihre endg\u00fcltige Ruhest\u00e4tte gefunden haben. Im Jahre 1523 sprach Papst Hadrian VI Benno heilig.<\/p>\n<p>Dargestellt wird er in bisch\u00f6flichem Gewand mit einem Fisch in der Hand, der zwei Kirchenschl\u00fcssel im Maule tr\u00e4gt. Der Heilige Benno ist der Patron von Altbayern, M\u00fcnchen, Berlin und G\u00f6rlitz sowie der Fischer und Tuchmacher.<\/p>\n","protected":false},"excerpt":{"rendered":"<div class=\"tmnf_excerpt\"><p>Serie. Am 16. Juni ist der Gedenktag des Heiligen Benno von Mei\u00dfen. Der Name kommt aus dem Althochdeutschen und bedeutet: \u201eder B\u00e4renstarke\u201c. Benno wurde um das Jahr 1010 in ein s\u00e4chsisches Adelsgeschlecht in Hildesheim geboren. Schon mit 5 Jahren kam er in die Obhut eines Verwandten, dem Hl. Bischof Bernward von Hildesheim. Er legte mit &hellip;<\/p>\n<\/div>","protected":false},"author":1,"featured_media":0,"comment_status":"closed","ping_status":"closed","sticky":false,"template":"","format":"standard","meta":{"footnotes":""},"categories":[1,79,50],"tags":[],"class_list":["post-9718","post","type-post","status-publish","format-standard","hentry","category-startseite","category-kino","category-kirche"],"_links":{"self":[{"href":"https:\/\/www.fuldaernachrichten.de\/index.php?rest_route=\/wp\/v2\/posts\/9718","targetHints":{"allow":["GET"]}}],"collection":[{"href":"https:\/\/www.fuldaernachrichten.de\/index.php?rest_route=\/wp\/v2\/posts"}],"about":[{"href":"https:\/\/www.fuldaernachrichten.de\/index.php?rest_route=\/wp\/v2\/types\/post"}],"author":[{"embeddable":true,"href":"https:\/\/www.fuldaernachrichten.de\/index.php?rest_route=\/wp\/v2\/users\/1"}],"replies":[{"embeddable":true,"href":"https:\/\/www.fuldaernachrichten.de\/index.php?rest_route=%2Fwp%2Fv2%2Fcomments&post=9718"}],"version-history":[{"count":2,"href":"https:\/\/www.fuldaernachrichten.de\/index.php?rest_route=\/wp\/v2\/posts\/9718\/revisions"}],"predecessor-version":[{"id":27699,"href":"https:\/\/www.fuldaernachrichten.de\/index.php?rest_route=\/wp\/v2\/posts\/9718\/revisions\/27699"}],"wp:attachment":[{"href":"https:\/\/www.fuldaernachrichten.de\/index.php?rest_route=%2Fwp%2Fv2%2Fmedia&parent=9718"}],"wp:term":[{"taxonomy":"category","embeddable":true,"href":"https:\/\/www.fuldaernachrichten.de\/index.php?rest_route=%2Fwp%2Fv2%2Fcategories&post=9718"},{"taxonomy":"post_tag","embeddable":true,"href":"https:\/\/www.fuldaernachrichten.de\/index.php?rest_route=%2Fwp%2Fv2%2Ftags&post=9718"}],"curies":[{"name":"wp","href":"https:\/\/api.w.org\/{rel}","templated":true}]}}