{"id":9717,"date":"2008-06-13T00:40:41","date_gmt":"2008-06-12T22:40:41","guid":{"rendered":"http:\/\/www.schoene-nachrichten.de\/?p=9717"},"modified":"2009-05-03T16:01:21","modified_gmt":"2009-05-03T14:01:21","slug":"heiliger-des-tages-heute-heiliger-antonius","status":"publish","type":"post","link":"https:\/\/www.fuldaernachrichten.de\/?p=9717","title":{"rendered":"&#8220;Heiliger des Tages&#8221; &#8211; heute: Heiliger Antonius"},"content":{"rendered":"<p><img decoding=\"async\" src=\"http:\/\/www.schoene-nachrichten.de\/wp-content\/uploads\/2007\/07\/070704_bistum1.jpg\" alt=\"070704_bistum1.jpg\" hspace=\"5\" align=\"left\" \/><strong>Serie.<\/strong> Am 13. Juni ist der Namenstag des Heiligen Antonius. Der Name kommt aus dem Lateinischen und bedeutet: \u201eDer vorne Stehende\u201c. Der Heilige Antonius von Padua wurde um das Jahr 1195 als Fernandez Martin de Bulhorn in Lissabon geboren. Er war der Sohn des Martin von Bullone, des ersten Eroberers des Heiligen Grabes.<\/p>\n<p><strong>Flash-Video ansehen:<\/strong><\/p>\n<p><!--more-->[flv:080613_Bistum.flv wp-content\/uploads\/2008\/03\/080314_Bistum.jpg 400 300]<\/p>\n<p>Schon mit 15 Jahren trat er in den Orden der Augustiner-Chorherren in Lissabon ein und wurde in Coimbra zum Priester geweiht. Sein Leben \u00e4nderte sich drastisch, als 5 Franziskanerm\u00f6nche, die er kannte, von den Mauren get\u00f6tet wurden und in Coimbra bestattet wurden.<\/p>\n<p>In ihm reifte der Entschluss, Bettelm\u00f6nch zu werden und er trat in das Franziskanerkloster ein, legte seinen Namen ab und hie\u00df von nun an Antonius. Er ging nach Marokko, wurde jedoch sehr krank und musste in die Heimat zur\u00fcck. Er landete in Messina und lebte ganz bescheiden im Bergkloster Forli.<\/p>\n<p>Als er w\u00e4hrend einer Primizfeier gebeten wurde, unvorbereitet eine Rede zu halten, wurde sein Talent der kraftvollen und beigeisternden Rede entdeckt. Der Heilige Franziskus ernannte ihn daraufhin zum Lektor der Franziskaner f\u00fcr Theologie und zum Prediger f\u00fcr die St\u00e4dte.<\/p>\n<p>Die Predigten des Heiligen Antonius f\u00fcllten die gr\u00f6\u00dften Kirchen. Sie waren so eindringlich, dass zerstrittene Familien sich vers\u00f6hnten und unrechtm\u00e4\u00dfige und \u00fcberh\u00f6hte Zinsen den Schuldnern erlassen wurden. Antonius starb v\u00f6llig entkr\u00e4ftet im Jahre 1231 in Padua. Die Kirche erteilte ihm die W\u00fcrde eines Kirchenlehrers.<\/p>\n<p>Er ist einer der bekanntesten und beliebtesten Heiligen der Welt. Viele Menschen rufen ihn an, wenn sie verlorengegangene Gegenst\u00e4nde wieder finden wollen. Papst Gregor IX sprach Antonius heilig. Seine Gebeine befinden sich in der Basilika San Antonio in Padua.<\/p>\n<p>Dargestellt wird der Heilige Antonius in Franziskanerkutte, in der rechten Hand eine Lilie und auf dem linken Arm das Jesuskind. Der Heilige Antonius von Padua ist der Patron von Padua, Lissabon, Paderborn und Hildesheim sowie vieler Berufsst\u00e4nde.<\/p>\n","protected":false},"excerpt":{"rendered":"<div class=\"tmnf_excerpt\"><p>Serie. Am 13. Juni ist der Namenstag des Heiligen Antonius. Der Name kommt aus dem Lateinischen und bedeutet: \u201eDer vorne Stehende\u201c. Der Heilige Antonius von Padua wurde um das Jahr 1195 als Fernandez Martin de Bulhorn in Lissabon geboren. Er war der Sohn des Martin von Bullone, des ersten Eroberers des Heiligen Grabes. Flash-Video ansehen:<\/p>\n<\/div>","protected":false},"author":1,"featured_media":0,"comment_status":"closed","ping_status":"closed","sticky":false,"template":"","format":"standard","meta":{"footnotes":""},"categories":[1,79,50],"tags":[],"class_list":["post-9717","post","type-post","status-publish","format-standard","hentry","category-startseite","category-kino","category-kirche"],"_links":{"self":[{"href":"https:\/\/www.fuldaernachrichten.de\/index.php?rest_route=\/wp\/v2\/posts\/9717","targetHints":{"allow":["GET"]}}],"collection":[{"href":"https:\/\/www.fuldaernachrichten.de\/index.php?rest_route=\/wp\/v2\/posts"}],"about":[{"href":"https:\/\/www.fuldaernachrichten.de\/index.php?rest_route=\/wp\/v2\/types\/post"}],"author":[{"embeddable":true,"href":"https:\/\/www.fuldaernachrichten.de\/index.php?rest_route=\/wp\/v2\/users\/1"}],"replies":[{"embeddable":true,"href":"https:\/\/www.fuldaernachrichten.de\/index.php?rest_route=%2Fwp%2Fv2%2Fcomments&post=9717"}],"version-history":[{"count":2,"href":"https:\/\/www.fuldaernachrichten.de\/index.php?rest_route=\/wp\/v2\/posts\/9717\/revisions"}],"predecessor-version":[{"id":27700,"href":"https:\/\/www.fuldaernachrichten.de\/index.php?rest_route=\/wp\/v2\/posts\/9717\/revisions\/27700"}],"wp:attachment":[{"href":"https:\/\/www.fuldaernachrichten.de\/index.php?rest_route=%2Fwp%2Fv2%2Fmedia&parent=9717"}],"wp:term":[{"taxonomy":"category","embeddable":true,"href":"https:\/\/www.fuldaernachrichten.de\/index.php?rest_route=%2Fwp%2Fv2%2Fcategories&post=9717"},{"taxonomy":"post_tag","embeddable":true,"href":"https:\/\/www.fuldaernachrichten.de\/index.php?rest_route=%2Fwp%2Fv2%2Ftags&post=9717"}],"curies":[{"name":"wp","href":"https:\/\/api.w.org\/{rel}","templated":true}]}}