{"id":97103,"date":"2012-04-16T00:10:31","date_gmt":"2012-04-16T00:10:31","guid":{"rendered":"http:\/\/www.fuldaer-nachrichten.de\/?p=97103"},"modified":"2012-04-16T08:27:30","modified_gmt":"2012-04-16T08:27:30","slug":"gefahrenabwehrchef-werner-rinke-ist-40-jahre-im-offentlichen-dienst","status":"publish","type":"post","link":"https:\/\/www.fuldaernachrichten.de\/?p=97103","title":{"rendered":"Gefahrenabwehrchef Werner Rinke ist 40 Jahre im \u00f6ffentlichen Dienst"},"content":{"rendered":"<p><a href=\"http:\/\/www.fuldaer-nachrichten.de\/wp-content\/uploads\/2012\/04\/attf8ce2.jpg\"><img decoding=\"async\" class=\"alignleft size-thumbnail wp-image-97104\" title=\"attf8ce2\" src=\"http:\/\/www.fuldaer-nachrichten.de\/wp-content\/uploads\/2012\/04\/attf8ce2-265x178.jpg\" alt=\"\" width=\"265\" height=\"178\" srcset=\"https:\/\/www.fuldaernachrichten.de\/wp-content\/uploads\/2012\/04\/attf8ce2-265x178.jpg 265w, https:\/\/www.fuldaernachrichten.de\/wp-content\/uploads\/2012\/04\/attf8ce2.jpg 512w\" sizes=\"(max-width: 265px) 100vw, 265px\" \/><\/a>Vogelsbergkreis. \u201eIch habe immer das Vertrauen der Beh\u00f6rdenleitung gesp\u00fcrt\u201c, sagte Werner Rinke, als er aus den H\u00e4nden von Landrat Rudolf Marx die Urkunde aus Anlass des 40-j\u00e4hrigen Dienstjubil\u00e4ums entgegennahm. Der Landrat hatte dem Chef der Gefahrenabwehr und Kreisbrandinspektor zuvor f\u00fcr hohen Sachverstand, gro\u00dfe Umsicht und Zielstrebigkeit gedankt. Der Leiter des Hauptamts, Erich Bloch, zu dessen Amt das Sachgebiet Gefahrenabwehr geh\u00f6rt, stellte die \u201ezum Teil erheblichen Ver\u00e4nderungen\u201c heraus, die Werner Rinke \u201egestemmt\u201c habe. Bloch lobte vor allem \u201eVerl\u00e4sslichkeit und Geschick\u201c.<!--more--><br \/>\nLandrat Marx und Verwaltungsdirektor Bloch bewerteten die Integration aller Bereiche der Gefahrenabwehr \u2013 also Rettungsdienst, Brandschutz und Katastrophenschutz \u2013 sowie den Aufbau der \u201emodernsten Leitstelle Hessens\u201c am Standort des Einsatzstabes im Landratsamt Lauterbach als besonders komplexe und vor allem gegl\u00fcckte Beispiele des Wirkens von Werner Rinke.<\/p>\n<p>Der in Ober-Breidenbach wohnende Werner Rinke absolvierte von 1964 bis 1967 eine Ausbildung zum Kraftfahrzeugmechaniker. In diesem Beruf arbeitete er in Alsfeld bis 1972. 1977 legte er die Industriemeisterpr\u00fcfung ab und lie\u00df sich bei der Bundeswehr, der er von 1972 bis 1986 angeh\u00f6rte, im Jahr 1981 zum Waffentechniker ausbilden. Ab 1986 folgte eine Ausbildung zum Brandverh\u00fctungsbeauftragten beim Vogelsbergkreis. 1990 wurde Werner Rinke hauptamtlicher Brandverh\u00fctungsbeauftragter des Vogelsbergkreises, 1996 wurde er zum Kreisbrandinspektor ernannt. Er ist verantwortlich f\u00fcr die Bereiche Brandschutz, Rettungsdienst, Zentrale Leitstelle, Katastrophenschutz, Zivilschutz und Geheimschutz.<\/p>\n<p>Zum Foto: Kreisbrandinspektor und Gefahrenabwehrchef Werner Rinke (Zweiter von links) ist 40 Jahre im \u00f6ffentlichen Dienst. In einer kleinen Feierstunde im Kreishaus gratulierten (von rechts) Hauptamtsleiter Erich Bloch, der stellvertretende KBI, Hubert Helm, und Landrat Rudolf Marx. Foto: Erich Ruhl, Pressestelle Vogelsbergkreis<br \/>\n&nbsp;<\/p>\n","protected":false},"excerpt":{"rendered":"<div class=\"tmnf_excerpt\"><p>Vogelsbergkreis. \u201eIch habe immer das Vertrauen der Beh\u00f6rdenleitung gesp\u00fcrt\u201c, sagte Werner Rinke, als er aus den H\u00e4nden von Landrat Rudolf Marx die Urkunde aus Anlass des 40-j\u00e4hrigen Dienstjubil\u00e4ums entgegennahm. Der Landrat hatte dem Chef der Gefahrenabwehr und Kreisbrandinspektor zuvor f\u00fcr hohen Sachverstand, gro\u00dfe Umsicht und Zielstrebigkeit gedankt. Der Leiter des Hauptamts, Erich Bloch, zu dessen &hellip;<\/p>\n<\/div>","protected":false},"author":1,"featured_media":0,"comment_status":"closed","ping_status":"closed","sticky":false,"template":"","format":"standard","meta":{"footnotes":""},"categories":[1,71],"tags":[],"class_list":["post-97103","post","type-post","status-publish","format-standard","hentry","category-startseite","category-feuerwehr"],"_links":{"self":[{"href":"https:\/\/www.fuldaernachrichten.de\/index.php?rest_route=\/wp\/v2\/posts\/97103","targetHints":{"allow":["GET"]}}],"collection":[{"href":"https:\/\/www.fuldaernachrichten.de\/index.php?rest_route=\/wp\/v2\/posts"}],"about":[{"href":"https:\/\/www.fuldaernachrichten.de\/index.php?rest_route=\/wp\/v2\/types\/post"}],"author":[{"embeddable":true,"href":"https:\/\/www.fuldaernachrichten.de\/index.php?rest_route=\/wp\/v2\/users\/1"}],"replies":[{"embeddable":true,"href":"https:\/\/www.fuldaernachrichten.de\/index.php?rest_route=%2Fwp%2Fv2%2Fcomments&post=97103"}],"version-history":[{"count":0,"href":"https:\/\/www.fuldaernachrichten.de\/index.php?rest_route=\/wp\/v2\/posts\/97103\/revisions"}],"wp:attachment":[{"href":"https:\/\/www.fuldaernachrichten.de\/index.php?rest_route=%2Fwp%2Fv2%2Fmedia&parent=97103"}],"wp:term":[{"taxonomy":"category","embeddable":true,"href":"https:\/\/www.fuldaernachrichten.de\/index.php?rest_route=%2Fwp%2Fv2%2Fcategories&post=97103"},{"taxonomy":"post_tag","embeddable":true,"href":"https:\/\/www.fuldaernachrichten.de\/index.php?rest_route=%2Fwp%2Fv2%2Ftags&post=97103"}],"curies":[{"name":"wp","href":"https:\/\/api.w.org\/{rel}","templated":true}]}}