{"id":97086,"date":"2012-04-15T00:08:11","date_gmt":"2012-04-15T00:08:11","guid":{"rendered":"http:\/\/www.fuldaer-nachrichten.de\/?p=97086"},"modified":"2012-06-11T07:12:44","modified_gmt":"2012-06-11T07:12:44","slug":"herbold-triumphiert-einmal-mehr-in-hessen-3-wertungslauf-zur-deutschen-rallye-meisterschaft","status":"publish","type":"post","link":"https:\/\/www.fuldaernachrichten.de\/?p=97086","title":{"rendered":"Herbold triumphiert einmal mehr in Hessen! 3. Wertungslauf zur Deutschen Rallye Meisterschaft"},"content":{"rendered":"<p><a href=\"http:\/\/www.fuldaer-nachrichten.de\/wp-content\/uploads\/2012\/04\/120416_rallye_001.jpg\"><img fetchpriority=\"high\" decoding=\"async\" class=\"alignnone size-full wp-image-97087\" title=\"Foto: Denny Rausch\" src=\"http:\/\/www.fuldaer-nachrichten.de\/wp-content\/uploads\/2012\/04\/120416_rallye_001.jpg\" alt=\"Foto: Denny Rausch\" width=\"560\" height=\"360\" \/><\/a><\/p>\n<p><strong>Alsfeld \/ Vogelsberg.<\/strong>\u00c2\u00a0Die Geschichte wiederholt sich. Im Vorjahr schon konnte Felix Herbold (Ismaning) nur drei Wochen nach der Wikinger Rallye auch die ADAC Hessen Rallye gewinnen. Dieses Kunstst\u00fcck gelang ihm mit Co Michael K\u00f6lbach (Winterwerb) im Ford Fiesta S 2000 auch in diesem Jahr. \u201eEs waren einfach tolle Pr\u00fcfungen hier in Hessen, sch\u00f6n das es auch in diesem Jahr wieder geklappt hat. Ohne eine Schramme am Auto sind wir im Ziel, es lief einfach alles nach Plan!\u201c.<!--more--><\/p>\n<p><strong>Fotos (75):<\/strong> Denny Rausch<\/p>\n<p><a title=\"Foto: Denny Rausch\" href=\"http:\/\/www.fuldaer-nachrichten.de\/wp-content\/uploads\/2012\/04\/120416_rallye_002.jpg\" rel=\"lightbox[roadtrip]\" target=\"_blank\"><img decoding=\"async\" src=\"http:\/\/www.fuldaer-nachrichten.de\/wp-content\/uploads\/2012\/04\/120416_rallye_002.thumb.jpg\" alt=\"Foto: Denny Rausch\" width=\"265\" \/><\/a>\u00c2\u00a0<a title=\"Foto: Denny Rausch\" href=\"http:\/\/www.fuldaer-nachrichten.de\/wp-content\/uploads\/2012\/04\/120416_rallye_075.jpg\" rel=\"lightbox[roadtrip]\" target=\"_blank\"><img decoding=\"async\" src=\"http:\/\/www.fuldaer-nachrichten.de\/wp-content\/uploads\/2012\/04\/120416_rallye_075.thumb.jpg\" alt=\"Foto: Denny Rausch\" width=\"265\" \/><\/a><\/p>\n<p>Nach 1:24:58,9 Stunden f\u00fcr die 147 Wertungspr\u00fcfungskilometer betrug der Vorsprung auf das zweitplatzierte Porsche-Team Ruben Zeltner (Lichtenstein)\/Helmar Hinneberg (Dresden) im Ziel 51,8 Sekunden. \u201eWir h\u00e4tten nicht geglaubt, dass es mit dem Porsche hier so gut funktioniert, aber der Schotter war traumhaft, es hat einen Riesenspa\u00df gemacht. Unser Highlight war sicher die erste Pr\u00fcfung am Morgen, die wir f\u00fcr uns entscheiden konnten.\u201c<\/p>\n<p><a title=\"Foto: Denny Rausch\" href=\"http:\/\/www.fuldaer-nachrichten.de\/wp-content\/uploads\/2012\/04\/120416_rallye_004.jpg\" rel=\"lightbox[roadtrip]\" target=\"_blank\"><img decoding=\"async\" src=\"http:\/\/www.fuldaer-nachrichten.de\/wp-content\/uploads\/2012\/04\/120416_rallye_004.thumb.jpg\" alt=\"Foto: Denny Rausch\" width=\"265\" \/><\/a>\u00c2\u00a0<a title=\"Foto: Denny Rausch\" href=\"http:\/\/www.fuldaer-nachrichten.de\/wp-content\/uploads\/2012\/04\/120416_rallye_005.jpg\" rel=\"lightbox[roadtrip]\" target=\"_blank\"><img decoding=\"async\" src=\"http:\/\/www.fuldaer-nachrichten.de\/wp-content\/uploads\/2012\/04\/120416_rallye_005.thumb.jpg\" alt=\"Foto: Denny Rausch\" width=\"265\" \/><\/a><\/p>\n<p>Mark Wallenwein (Stuttgart) mit Co Stefan Kopczyk (Heilbronn) brannte auf den letzten Pr\u00fcfungen noch einmal ein Feuerwerk ab und entschied am Nachmittag drei Pr\u00fcfungen f\u00fcr sich. \u201eWie man am Auto sieht, haben wir zum Schluss alles riskiert. Es hat aber nicht mehr ganz gereicht, Ruben abzufangen.\u201c Rund 13 Sekunden betrug im Ziel der R\u00fcckstand des 24 j\u00e4hrigen auf den Zweitplatzierten.<\/p>\n<p><a title=\"Foto: Denny Rausch\" href=\"http:\/\/www.fuldaer-nachrichten.de\/wp-content\/uploads\/2012\/04\/120416_rallye_006.jpg\" rel=\"lightbox[roadtrip]\" target=\"_blank\"><img decoding=\"async\" src=\"http:\/\/www.fuldaer-nachrichten.de\/wp-content\/uploads\/2012\/04\/120416_rallye_006.thumb.jpg\" alt=\"Foto: Denny Rausch\" width=\"265\" \/><\/a>\u00c2\u00a0<a title=\"Foto: Denny Rausch\" href=\"http:\/\/www.fuldaer-nachrichten.de\/wp-content\/uploads\/2012\/04\/120416_rallye_007.jpg\" rel=\"lightbox[roadtrip]\" target=\"_blank\"><img decoding=\"async\" src=\"http:\/\/www.fuldaer-nachrichten.de\/wp-content\/uploads\/2012\/04\/120416_rallye_007.thumb.jpg\" alt=\"Foto: Denny Rausch\" width=\"265\" \/><\/a><\/p>\n<p>Kaum einer, der den Beiden das nicht geg\u00f6nnt h\u00e4tte. Nach einem Seuchenjahr 2011 und bisher ohne Zielankunft in diesem Jahr ging der Sieg in der Gruppe N Wertung an Peter Corazza (Oelsnitz)\/Ronald Bauer (Neumark) im Mitsubishi Lancer Evo 9. \u201eAb der vorletzten Pr\u00fcfung hatten wir Getriebeprobleme, aber es hat zum Gl\u00fcck noch gerade so gereicht um vor Sandro zu bleiben.\u201c \u00c2\u00a0Ganze zwei Sekunden rettete man ins Ziel. Mit Sandro Wallenwein (Stuttgart)\/Marcus Poschner (Lautrach) waren es die Vorjahreszweiten, die die Top Five im Subaru Impreza N16 komplettierte.<\/p>\n<p><a title=\"Foto: Denny Rausch\" href=\"http:\/\/www.fuldaer-nachrichten.de\/wp-content\/uploads\/2012\/04\/120416_rallye_008.jpg\" rel=\"lightbox[roadtrip]\" target=\"_blank\"><img decoding=\"async\" src=\"http:\/\/www.fuldaer-nachrichten.de\/wp-content\/uploads\/2012\/04\/120416_rallye_008.thumb.jpg\" alt=\"Foto: Denny Rausch\" width=\"265\" \/><\/a>\u00c2\u00a0<a title=\"Foto: Denny Rausch\" href=\"http:\/\/www.fuldaer-nachrichten.de\/wp-content\/uploads\/2012\/04\/120416_rallye_009.jpg\" rel=\"lightbox[roadtrip]\" target=\"_blank\"><img decoding=\"async\" src=\"http:\/\/www.fuldaer-nachrichten.de\/wp-content\/uploads\/2012\/04\/120416_rallye_009.thumb.jpg\" alt=\"Foto: Denny Rausch\" width=\"265\" \/><\/a><\/p>\n<p>Die 2 WD Wertung in der Deutschen Rallye Meisterschaft ging zum dritten Mal in diesem Jahr an Christan Riedemann (Sulingen). Mit Co Michael Wenzel (Mehlingen) konnte er im Citroen DS3 3RT unterwegs, souver\u00e4n Carsten Mohe (Crottendorf), der mit Katrin Becker (Schlitz) im Renault Megane unterwegs war, in Schach halten.<\/p>\n<p><a title=\"Foto: Denny Rausch\" href=\"http:\/\/www.fuldaer-nachrichten.de\/wp-content\/uploads\/2012\/04\/120416_rallye_010.jpg\" rel=\"lightbox[roadtrip]\" target=\"_blank\"><img decoding=\"async\" src=\"http:\/\/www.fuldaer-nachrichten.de\/wp-content\/uploads\/2012\/04\/120416_rallye_010.thumb.jpg\" alt=\"Foto: Denny Rausch\" width=\"265\" \/><\/a>\u00c2\u00a0<a title=\"Foto: Denny Rausch\" href=\"http:\/\/www.fuldaer-nachrichten.de\/wp-content\/uploads\/2012\/04\/120416_rallye_011.jpg\" rel=\"lightbox[roadtrip]\" target=\"_blank\"><img decoding=\"async\" src=\"http:\/\/www.fuldaer-nachrichten.de\/wp-content\/uploads\/2012\/04\/120416_rallye_011.thumb.jpg\" alt=\"Foto: Denny Rausch\" width=\"265\" \/><\/a><\/p>\n<p>Lokalmatador Michael Rausch aus Schlitz, brachte als bester einheimischer Fahrer den betagten aber zuverl\u00e4ssigen Opel Ascona B als Gesamtneunter ins Ziel!<\/p>\n<p><a title=\"Foto: Denny Rausch\" href=\"http:\/\/www.fuldaer-nachrichten.de\/wp-content\/uploads\/2012\/04\/120416_rallye_012.jpg\" rel=\"lightbox[roadtrip]\" target=\"_blank\"><img decoding=\"async\" src=\"http:\/\/www.fuldaer-nachrichten.de\/wp-content\/uploads\/2012\/04\/120416_rallye_012.thumb.jpg\" alt=\"Foto: Denny Rausch\" width=\"265\" \/><\/a>\u00c2\u00a0<a title=\"Foto: Denny Rausch\" href=\"http:\/\/www.fuldaer-nachrichten.de\/wp-content\/uploads\/2012\/04\/120416_rallye_013.jpg\" rel=\"lightbox[roadtrip]\" target=\"_blank\"><img decoding=\"async\" src=\"http:\/\/www.fuldaer-nachrichten.de\/wp-content\/uploads\/2012\/04\/120416_rallye_013.thumb.jpg\" alt=\"Foto: Denny Rausch\" width=\"265\" \/><\/a><\/p>\n<p>25.000 Zuschauer s\u00e4umten die Strecken im Vogelsberg und sorgten so f\u00fcr freudige Mienen bei den Verantwortlichen rund um Friedrich Goldstein. \u201eWir k\u00f6nnen sicher ein positives Fazit ziehen. Der Wechsel von Schlitz ist uns zwar nicht leicht gefallen, aber die M\u00f6glichkeiten die das Gel\u00e4nde in Alsfeld den Teilnehmern und Teams bietet sind einfach toll. Auch die Resonanz von Fahrern und Fans zu den neuen Pr\u00fcfungen best\u00e4rkt uns darin, dass wir hier den richtigen Weg eingeschlagen haben.\u201c<\/p>\n<p><a title=\"Foto: Denny Rausch\" href=\"http:\/\/www.fuldaer-nachrichten.de\/wp-content\/uploads\/2012\/04\/120416_rallye_014.jpg\" rel=\"lightbox[roadtrip]\" target=\"_blank\"><img decoding=\"async\" src=\"http:\/\/www.fuldaer-nachrichten.de\/wp-content\/uploads\/2012\/04\/120416_rallye_014.thumb.jpg\" alt=\"Foto: Denny Rausch\" width=\"265\" \/><\/a>\u00c2\u00a0<a title=\"Foto: Denny Rausch\" href=\"http:\/\/www.fuldaer-nachrichten.de\/wp-content\/uploads\/2012\/04\/120416_rallye_015.jpg\" rel=\"lightbox[roadtrip]\" target=\"_blank\"><img decoding=\"async\" src=\"http:\/\/www.fuldaer-nachrichten.de\/wp-content\/uploads\/2012\/04\/120416_rallye_015.thumb.jpg\" alt=\"Foto: Denny Rausch\" width=\"265\" \/><\/a><\/p>\n<p><strong>Bestzeiten<\/strong><br \/>\nWP1 Bastwald I\u00c2\u00a0\u00c2\u00a0\u00c2\u00a0\u00c2\u00a0\u00c2\u00a0\u00c2\u00a0\u00c2\u00a0\u00c2\u00a0\u00c2\u00a0\u00c2\u00a0\u00c2\u00a0 \u00c2\u00a0\u00c2\u00a0\u00c2\u00a0\u00c2\u00a0\u00c2\u00a0\u00c2\u00a0\u00c2\u00a0\u00c2\u00a0\u00c2\u00a0\u00c2\u00a0\u00c2\u00a0 \u00c2\u00a0\u00c2\u00a0\u00c2\u00a0\u00c2\u00a0\u00c2\u00a0\u00c2\u00a0\u00c2\u00a0\u00c2\u00a0\u00c2\u00a0\u00c2\u00a0\u00c2\u00a0 Herbold\/K\u00f6lbach\u00c2\u00a0\u00c2\u00a0\u00c2\u00a0\u00c2\u00a0\u00c2\u00a0\u00c2\u00a0\u00c2\u00a0\u00c2\u00a0\u00c2\u00a0\u00c2\u00a0\u00c2\u00a0 Ford Fiesta S2000\u00c2\u00a0\u00c2\u00a0\u00c2\u00a0\u00c2\u00a0\u00c2\u00a0\u00c2\u00a0\u00c2\u00a0\u00c2\u00a0\u00c2\u00a0\u00c2\u00a0\u00c2\u00a0\u00c2\u00a0 5:58,5 Min.<br \/>\nWP2 1200 Jahre Burgenstadt Schlitz\u00c2\u00a0 Herbold\/K\u00f6lbach\u00c2\u00a0\u00c2\u00a0\u00c2\u00a0\u00c2\u00a0\u00c2\u00a0\u00c2\u00a0\u00c2\u00a0\u00c2\u00a0\u00c2\u00a0\u00c2\u00a0\u00c2\u00a0 Ford Fiesta S2000\u00c2\u00a0\u00c2\u00a0\u00c2\u00a0\u00c2\u00a0\u00c2\u00a0\u00c2\u00a0\u00c2\u00a0\u00c2\u00a0 3:17,1 Min.<br \/>\nWP3 Bastwald II\u00c2\u00a0\u00c2\u00a0\u00c2\u00a0\u00c2\u00a0\u00c2\u00a0\u00c2\u00a0\u00c2\u00a0\u00c2\u00a0\u00c2\u00a0\u00c2\u00a0\u00c2\u00a0 \u00c2\u00a0\u00c2\u00a0\u00c2\u00a0\u00c2\u00a0\u00c2\u00a0\u00c2\u00a0\u00c2\u00a0\u00c2\u00a0\u00c2\u00a0\u00c2\u00a0\u00c2\u00a0 \u00c2\u00a0\u00c2\u00a0\u00c2\u00a0\u00c2\u00a0\u00c2\u00a0\u00c2\u00a0\u00c2\u00a0\u00c2\u00a0\u00c2\u00a0\u00c2\u00a0\u00c2\u00a0 Herbold\/K\u00f6lbach\u00c2\u00a0\u00c2\u00a0\u00c2\u00a0\u00c2\u00a0\u00c2\u00a0\u00c2\u00a0\u00c2\u00a0\u00c2\u00a0\u00c2\u00a0\u00c2\u00a0\u00c2\u00a0 Ford Fiesta S2000\u00c2\u00a0\u00c2\u00a0\u00c2\u00a0\u00c2\u00a0\u00c2\u00a0\u00c2\u00a0\u00c2\u00a0\u00c2\u00a0\u00c2\u00a0\u00c2\u00a0 5:55,4 Min.<br \/>\nWP4 AEM Alsfeld 1\u00c2\u00a0\u00c2\u00a0\u00c2\u00a0\u00c2\u00a0\u00c2\u00a0\u00c2\u00a0\u00c2\u00a0\u00c2\u00a0\u00c2\u00a0\u00c2\u00a0\u00c2\u00a0 \u00c2\u00a0\u00c2\u00a0\u00c2\u00a0\u00c2\u00a0\u00c2\u00a0\u00c2\u00a0\u00c2\u00a0\u00c2\u00a0\u00c2\u00a0\u00c2\u00a0\u00c2\u00a0 \u00c2\u00a0\u00c2\u00a0\u00c2\u00a0\u00c2\u00a0\u00c2\u00a0\u00c2\u00a0 Zeltner\/Hinneberg\u00c2\u00a0\u00c2\u00a0\u00c2\u00a0\u00c2\u00a0\u00c2\u00a0\u00c2\u00a0\u00c2\u00a0\u00c2\u00a0\u00c2\u00a0\u00c2\u00a0\u00c2\u00a0 Porsche 911 GT3\u00c2\u00a0\u00c2\u00a0\u00c2\u00a0\u00c2\u00a0\u00c2\u00a0\u00c2\u00a0\u00c2\u00a0\u00c2\u00a0\u00c2\u00a0\u00c2\u00a0\u00c2\u00a0 5:54,2 Min.<br \/>\nWP5 Stadt Ulrichstein 1\u00c2\u00a0\u00c2\u00a0\u00c2\u00a0\u00c2\u00a0\u00c2\u00a0\u00c2\u00a0\u00c2\u00a0\u00c2\u00a0\u00c2\u00a0\u00c2\u00a0\u00c2\u00a0 \u00c2\u00a0\u00c2\u00a0\u00c2\u00a0\u00c2\u00a0\u00c2\u00a0\u00c2\u00a0\u00c2\u00a0\u00c2\u00a0\u00c2\u00a0\u00c2\u00a0 Zeltner\/Hinneberg\u00c2\u00a0\u00c2\u00a0\u00c2\u00a0\u00c2\u00a0\u00c2\u00a0\u00c2\u00a0\u00c2\u00a0\u00c2\u00a0\u00c2\u00a0\u00c2\u00a0\u00c2\u00a0 Porsche 911 GT3\u00c2\u00a0\u00c2\u00a0\u00c2\u00a0\u00c2\u00a0\u00c2\u00a0\u00c2\u00a0\u00c2\u00a0\u00c2\u00a0\u00c2\u00a0\u00c2\u00a0\u00c2\u00a0 7:15,4 Min.<br \/>\nWP6 Stehr Special Stage 1\u00c2\u00a0\u00c2\u00a0\u00c2\u00a0\u00c2\u00a0\u00c2\u00a0\u00c2\u00a0\u00c2\u00a0\u00c2\u00a0\u00c2\u00a0\u00c2\u00a0\u00c2\u00a0 \u00c2\u00a0\u00c2\u00a0\u00c2\u00a0\u00c2\u00a0\u00c2\u00a0\u00c2\u00a0 Herbold\/K\u00f6lbach\u00c2\u00a0\u00c2\u00a0\u00c2\u00a0\u00c2\u00a0\u00c2\u00a0\u00c2\u00a0\u00c2\u00a0\u00c2\u00a0\u00c2\u00a0\u00c2\u00a0\u00c2\u00a0 Ford Fiesta S2000\u00c2\u00a0\u00c2\u00a0\u00c2\u00a0\u00c2\u00a0\u00c2\u00a0\u00c2\u00a0\u00c2\u00a0\u00c2\u00a0\u00c2\u00a0\u00c2\u00a0 8:53,2 Min.<br \/>\nWP7 AEM Alsfeld 2\u00c2\u00a0\u00c2\u00a0\u00c2\u00a0\u00c2\u00a0\u00c2\u00a0\u00c2\u00a0\u00c2\u00a0\u00c2\u00a0\u00c2\u00a0\u00c2\u00a0\u00c2\u00a0 \u00c2\u00a0\u00c2\u00a0\u00c2\u00a0\u00c2\u00a0\u00c2\u00a0\u00c2\u00a0\u00c2\u00a0\u00c2\u00a0\u00c2\u00a0\u00c2\u00a0\u00c2\u00a0 \u00c2\u00a0\u00c2\u00a0\u00c2\u00a0\u00c2\u00a0\u00c2\u00a0\u00c2\u00a0 Zeltner\/Hinneberg\u00c2\u00a0\u00c2\u00a0\u00c2\u00a0\u00c2\u00a0\u00c2\u00a0\u00c2\u00a0\u00c2\u00a0\u00c2\u00a0\u00c2\u00a0\u00c2\u00a0\u00c2\u00a0 Porsche 911 GT3\u00c2\u00a0\u00c2\u00a0\u00c2\u00a0\u00c2\u00a0\u00c2\u00a0\u00c2\u00a0\u00c2\u00a0\u00c2\u00a0\u00c2\u00a0\u00c2\u00a0\u00c2\u00a0 5:53,5 Min.<br \/>\nWP8 Stadt Ulrichstein 2\u00c2\u00a0\u00c2\u00a0\u00c2\u00a0\u00c2\u00a0\u00c2\u00a0\u00c2\u00a0\u00c2\u00a0\u00c2\u00a0\u00c2\u00a0\u00c2\u00a0\u00c2\u00a0 \u00c2\u00a0\u00c2\u00a0\u00c2\u00a0\u00c2\u00a0\u00c2\u00a0\u00c2\u00a0\u00c2\u00a0\u00c2\u00a0\u00c2\u00a0 Zeltner\/Hinneberg\u00c2\u00a0\u00c2\u00a0\u00c2\u00a0\u00c2\u00a0\u00c2\u00a0\u00c2\u00a0\u00c2\u00a0\u00c2\u00a0\u00c2\u00a0\u00c2\u00a0\u00c2\u00a0 Porsche 911 GT3\u00c2\u00a0\u00c2\u00a0\u00c2\u00a0\u00c2\u00a0\u00c2\u00a0\u00c2\u00a0\u00c2\u00a0\u00c2\u00a0\u00c2\u00a0\u00c2\u00a0\u00c2\u00a0\u00c2\u00a0 7:19,0 Min.<br \/>\nWP9 Stehr Special Stage 2\u00c2\u00a0\u00c2\u00a0\u00c2\u00a0\u00c2\u00a0\u00c2\u00a0\u00c2\u00a0\u00c2\u00a0\u00c2\u00a0\u00c2\u00a0\u00c2\u00a0\u00c2\u00a0 \u00c2\u00a0\u00c2\u00a0\u00c2\u00a0\u00c2\u00a0\u00c2\u00a0\u00c2\u00a0 Herbold\/K\u00f6lbach\u00c2\u00a0\u00c2\u00a0\u00c2\u00a0\u00c2\u00a0\u00c2\u00a0\u00c2\u00a0\u00c2\u00a0\u00c2\u00a0\u00c2\u00a0\u00c2\u00a0\u00c2\u00a0 Ford Fiesta S2000\u00c2\u00a0\u00c2\u00a0\u00c2\u00a0\u00c2\u00a0\u00c2\u00a0\u00c2\u00a0\u00c2\u00a0\u00c2\u00a0\u00c2\u00a0\u00c2\u00a0 8:40,7 Min.<br \/>\nWP10 Renault Enders Schlitz 1\u00c2\u00a0\u00c2\u00a0\u00c2\u00a0\u00c2\u00a0\u00c2\u00a0\u00c2\u00a0\u00c2\u00a0\u00c2\u00a0\u00c2\u00a0\u00c2\u00a0 Wallenwein\/Kopczyk\u00c2\u00a0\u00c2\u00a0\u00c2\u00a0\u00c2\u00a0\u00c2\u00a0 Skoda Fabia S2000 \u00c2\u00a0 \u00c2\u00a0 \u00c2\u00a0 \u00c2\u00a0 8:07,8 Min.<br \/>\nWP11 Porsche, Willofs 1\u00c2\u00a0\u00c2\u00a0\u00c2\u00a0\u00c2\u00a0\u00c2\u00a0\u00c2\u00a0\u00c2\u00a0\u00c2\u00a0\u00c2\u00a0\u00c2\u00a0\u00c2\u00a0 \u00c2\u00a0\u00c2\u00a0\u00c2\u00a0\u00c2\u00a0\u00c2\u00a0\u00c2\u00a0\u00c2\u00a0\u00c2\u00a0\u00c2\u00a0\u00c2\u00a0\u00c2\u00a0 Wallenwein\/Kopczyk\u00c2\u00a0\u00c2\u00a0\u00c2\u00a0\u00c2\u00a0\u00c2\u00a0 Skoda Fabia S2000\u00c2\u00a0\u00c2\u00a0\u00c2\u00a0\u00c2\u00a0\u00c2\u00a0\u00c2\u00a0\u00c2\u00a0\u00c2\u00a0 4:43,7 Min.<br \/>\nWP12 Renault Enders Schlitz 2\u00c2\u00a0\u00c2\u00a0\u00c2\u00a0\u00c2\u00a0\u00c2\u00a0\u00c2\u00a0\u00c2\u00a0\u00c2\u00a0\u00c2\u00a0\u00c2\u00a0 Wallenwein\/Kopczyk\u00c2\u00a0\u00c2\u00a0\u00c2\u00a0\u00c2\u00a0\u00c2\u00a0\u00c2\u00a0 Skoda Fabia S2000\u00c2\u00a0\u00c2\u00a0\u00c2\u00a0\u00c2\u00a0\u00c2\u00a0\u00c2\u00a0\u00c2\u00a0 8:01,9 Min.<br \/>\nWP13 Porsche, Willofs 2\u00c2\u00a0\u00c2\u00a0\u00c2\u00a0\u00c2\u00a0\u00c2\u00a0\u00c2\u00a0\u00c2\u00a0\u00c2\u00a0\u00c2\u00a0\u00c2\u00a0\u00c2\u00a0 \u00c2\u00a0\u00c2\u00a0\u00c2\u00a0\u00c2\u00a0\u00c2\u00a0\u00c2\u00a0\u00c2\u00a0\u00c2\u00a0\u00c2\u00a0\u00c2\u00a0 Herbold\/K\u00f6lbach\u00c2\u00a0\u00c2\u00a0\u00c2\u00a0\u00c2\u00a0\u00c2\u00a0\u00c2\u00a0\u00c2\u00a0\u00c2\u00a0\u00c2\u00a0\u00c2\u00a0\u00c2\u00a0 Ford Fiesta S2000\u00c2\u00a0\u00c2\u00a0\u00c2\u00a0\u00c2\u00a0\u00c2\u00a0\u00c2\u00a0\u00c2\u00a0\u00c2\u00a0\u00c2\u00a0\u00c2\u00a0 4:37,3 Min.<\/p>\n<p><a title=\"Foto: Denny Rausch\" href=\"http:\/\/www.fuldaer-nachrichten.de\/wp-content\/uploads\/2012\/04\/120416_rallye_016.jpg\" rel=\"lightbox[roadtrip]\" target=\"_blank\"><img decoding=\"async\" src=\"http:\/\/www.fuldaer-nachrichten.de\/wp-content\/uploads\/2012\/04\/120416_rallye_016.thumb.jpg\" alt=\"Foto: Denny Rausch\" width=\"265\" \/><\/a>\u00c2\u00a0<a title=\"Foto: Denny Rausch\" href=\"http:\/\/www.fuldaer-nachrichten.de\/wp-content\/uploads\/2012\/04\/120416_rallye_017.jpg\" rel=\"lightbox[roadtrip]\" target=\"_blank\"><img decoding=\"async\" src=\"http:\/\/www.fuldaer-nachrichten.de\/wp-content\/uploads\/2012\/04\/120416_rallye_017.thumb.jpg\" alt=\"Foto: Denny Rausch\" width=\"265\" \/><\/a><\/p>\n<p><strong>ADAC Hessen Rallye (13.-14.04.2012)<br \/>\nEndstand nach 13 Wertungspr\u00fcfungen (147 Kilometer)<\/strong><\/p>\n<p>1. Felix Herbold\/Michael K\u00f6lbach\u00c2\u00a0\u00c2\u00a0\u00c2\u00a0\u00c2\u00a0\u00c2\u00a0\u00c2\u00a0\u00c2\u00a0\u00c2\u00a0\u00c2\u00a0\u00c2\u00a0\u00c2\u00a0 \u00c2\u00a0\u00c2\u00a0\u00c2\u00a0\u00c2\u00a0\u00c2\u00a0\u00c2\u00a0\u00c2\u00a0\u00c2\u00a0\u00c2\u00a0\u00c2\u00a0\u00c2\u00a0 \u00c2\u00a0\u00c2\u00a0 Ford Fiesta S 2000\u00c2\u00a0\u00c2\u00a0\u00c2\u00a0\u00c2\u00a0\u00c2\u00a0\u00c2\u00a0\u00c2\u00a0\u00c2\u00a0\u00c2\u00a0\u00c2\u00a0\u00c2\u00a0 \u00c2\u00a0\u00c2\u00a0\u00c2\u00a0\u00c2\u00a0\u00c2\u00a0\u00c2\u00a0 1:24:58,9 Std.<br \/>\n2. Ruben Zeltner\/Helmar Hinneberg\u00c2\u00a0\u00c2\u00a0\u00c2\u00a0\u00c2\u00a0\u00c2\u00a0\u00c2\u00a0\u00c2\u00a0\u00c2\u00a0\u00c2\u00a0\u00c2\u00a0\u00c2\u00a0 \u00c2\u00a0\u00c2\u00a0\u00c2\u00a0\u00c2\u00a0\u00c2\u00a0\u00c2\u00a0\u00c2\u00a0\u00c2\u00a0 Porsche 911 GT3\u00c2\u00a0\u00c2\u00a0\u00c2\u00a0\u00c2\u00a0\u00c2\u00a0\u00c2\u00a0\u00c2\u00a0\u00c2\u00a0\u00c2\u00a0\u00c2\u00a0\u00c2\u00a0 \u00c2\u00a0\u00c2\u00a0\u00c2\u00a0\u00c2\u00a0\u00c2\u00a0\u00c2\u00a0\u00c2\u00a0\u00c2\u00a0\u00c2\u00a0\u00c2\u00a0\u00c2\u00a0 1:25:50:7 Min.<br \/>\n3. Mark Wallenwein\/Stefan Kopczyk\u00c2\u00a0\u00c2\u00a0\u00c2\u00a0\u00c2\u00a0\u00c2\u00a0\u00c2\u00a0\u00c2\u00a0\u00c2\u00a0\u00c2\u00a0\u00c2\u00a0\u00c2\u00a0 \u00c2\u00a0\u00c2\u00a0\u00c2\u00a0\u00c2\u00a0\u00c2\u00a0\u00c2\u00a0\u00c2\u00a0\u00c2\u00a0\u00c2\u00a0 Skoda Fabia S2000\u00c2\u00a0\u00c2\u00a0\u00c2\u00a0\u00c2\u00a0\u00c2\u00a0\u00c2\u00a0\u00c2\u00a0\u00c2\u00a0\u00c2\u00a0\u00c2\u00a0\u00c2\u00a0 \u00c2\u00a0\u00c2\u00a0\u00c2\u00a0\u00c2\u00a0\u00c2\u00a0 1:26:04,0 Std.<br \/>\n4. Peter Corazza\/Ronald Bauer\u00c2\u00a0\u00c2\u00a0\u00c2\u00a0\u00c2\u00a0\u00c2\u00a0\u00c2\u00a0\u00c2\u00a0\u00c2\u00a0\u00c2\u00a0\u00c2\u00a0\u00c2\u00a0 \u00c2\u00a0\u00c2\u00a0\u00c2\u00a0\u00c2\u00a0\u00c2\u00a0\u00c2\u00a0\u00c2\u00a0\u00c2\u00a0\u00c2\u00a0\u00c2\u00a0\u00c2\u00a0 \u00c2\u00a0\u00c2\u00a0\u00c2\u00a0\u00c2\u00a0\u00c2\u00a0\u00c2\u00a0\u00c2\u00a0 Mitsubishi Lancer Evo 9\u00c2\u00a0\u00c2\u00a0\u00c2\u00a0\u00c2\u00a0\u00c2\u00a0\u00c2\u00a0\u00c2\u00a0\u00c2\u00a0\u00c2\u00a0 1:27:05,0 Std.<br \/>\n5. Sandro Wallenwein\/Marcus Poschner\u00c2\u00a0\u00c2\u00a0\u00c2\u00a0\u00c2\u00a0\u00c2\u00a0\u00c2\u00a0\u00c2\u00a0\u00c2\u00a0\u00c2\u00a0\u00c2\u00a0\u00c2\u00a0 \u00c2\u00a0\u00c2\u00a0 Subaru Impreza N16\u00c2\u00a0\u00c2\u00a0\u00c2\u00a0\u00c2\u00a0\u00c2\u00a0\u00c2\u00a0\u00c2\u00a0\u00c2\u00a0\u00c2\u00a0\u00c2\u00a0\u00c2\u00a0 \u00c2\u00a0\u00c2\u00a0\u00c2\u00a0\u00c2\u00a0 1:27:07,0 Std.<\/p>\n<p><a title=\"Foto: Denny Rausch\" href=\"http:\/\/www.fuldaer-nachrichten.de\/wp-content\/uploads\/2012\/04\/120416_rallye_018.jpg\" rel=\"lightbox[roadtrip]\" target=\"_blank\"><img decoding=\"async\" src=\"http:\/\/www.fuldaer-nachrichten.de\/wp-content\/uploads\/2012\/04\/120416_rallye_018.thumb.jpg\" alt=\"Foto: Denny Rausch\" width=\"265\" \/><\/a>\u00c2\u00a0<a title=\"Foto: Denny Rausch\" href=\"http:\/\/www.fuldaer-nachrichten.de\/wp-content\/uploads\/2012\/04\/120416_rallye_019.jpg\" rel=\"lightbox[roadtrip]\" target=\"_blank\"><img decoding=\"async\" src=\"http:\/\/www.fuldaer-nachrichten.de\/wp-content\/uploads\/2012\/04\/120416_rallye_019.thumb.jpg\" alt=\"Foto: Denny Rausch\" width=\"265\" \/><\/a><\/p>\n<p><strong>Deutsche Rallye-Meisterschaft &#8211; Stand nach 3 von 7 L\u00e4ufen<\/strong><\/p>\n<p><strong>Pos.\u00c2\u00a0\u00c2\u00a0\u00c2\u00a0\u00c2\u00a0\u00c2\u00a0\u00c2\u00a0\u00c2\u00a0\u00c2\u00a0\u00c2\u00a0\u00c2\u00a0\u00c2\u00a0 Team\u00c2\u00a0\u00c2\u00a0\u00c2\u00a0\u00c2\u00a0\u00c2\u00a0\u00c2\u00a0\u00c2\u00a0\u00c2\u00a0\u00c2\u00a0\u00c2\u00a0\u00c2\u00a0 \u00c2\u00a0\u00c2\u00a0\u00c2\u00a0\u00c2\u00a0\u00c2\u00a0\u00c2\u00a0\u00c2\u00a0\u00c2\u00a0\u00c2\u00a0\u00c2\u00a0\u00c2\u00a0 \u00c2\u00a0\u00c2\u00a0\u00c2\u00a0\u00c2\u00a0\u00c2\u00a0\u00c2\u00a0\u00c2\u00a0\u00c2\u00a0\u00c2\u00a0\u00c2\u00a0\u00c2\u00a0 \u00c2\u00a0\u00c2\u00a0\u00c2\u00a0\u00c2\u00a0\u00c2\u00a0\u00c2\u00a0\u00c2\u00a0\u00c2\u00a0\u00c2\u00a0\u00c2\u00a0 Nr.\u00c2\u00a0\u00c2\u00a0\u00c2\u00a0\u00c2\u00a0\u00c2\u00a0\u00c2\u00a0\u00c2\u00a0\u00c2\u00a0\u00c2\u00a0\u00c2\u00a0\u00c2\u00a0 Fahrzeug\u00c2\u00a0\u00c2\u00a0\u00c2\u00a0\u00c2\u00a0\u00c2\u00a0\u00c2\u00a0\u00c2\u00a0\u00c2\u00a0\u00c2\u00a0\u00c2\u00a0\u00c2\u00a0 \u00c2\u00a0\u00c2\u00a0\u00c2\u00a0\u00c2\u00a0\u00c2\u00a0\u00c2\u00a0\u00c2\u00a0\u00c2\u00a0\u00c2\u00a0\u00c2\u00a0\u00c2\u00a0 \u00c2\u00a0\u00c2\u00a0\u00c2\u00a0\u00c2\u00a0\u00c2\u00a0\u00c2\u00a0\u00c2\u00a0\u00c2\u00a0\u00c2\u00a0\u00c2\u00a0\u00c2\u00a0 \u00c2\u00a0\u00c2\u00a0\u00c2\u00a0\u00c2\u00a0\u00c2\u00a0\u00c2\u00a0\u00c2\u00a0\u00c2\u00a0\u00c2\u00a0\u00c2\u00a0\u00c2\u00a0 Punkte<\/strong><\/p>\n<p>1\u00c2\u00a0\u00c2\u00a0\u00c2\u00a0\u00c2\u00a0\u00c2\u00a0\u00c2\u00a0\u00c2\u00a0\u00c2\u00a0\u00c2\u00a0\u00c2\u00a0\u00c2\u00a0 Herbold, Felix\u00c2\u00a0\u00c2\u00a0\u00c2\u00a0\u00c2\u00a0\u00c2\u00a0\u00c2\u00a0\u00c2\u00a0\u00c2\u00a0\u00c2\u00a0\u00c2\u00a0\u00c2\u00a0 \u00c2\u00a0\u00c2\u00a0\u00c2\u00a0\u00c2\u00a0\u00c2\u00a0\u00c2\u00a0\u00c2\u00a0\u00c2\u00a0\u00c2\u00a0\u00c2\u00a0\u00c2\u00a0 \u00c2\u00a0\u00c2\u00a0\u00c2\u00a0\u00c2\u00a0\u00c2\u00a0\u00c2\u00a0\u00c2\u00a0\u00c2\u00a0\u00c2\u00a0\u00c2\u00a0\u00c2\u00a0 \u00c2\u00a0\u00c2\u00a0\u00c2\u00a0\u00c2\u00a0\u00c2\u00a0\u00c2\u00a0\u00c2\u00a0 10\u00c2\u00a0\u00c2\u00a0\u00c2\u00a0\u00c2\u00a0\u00c2\u00a0\u00c2\u00a0\u00c2\u00a0\u00c2\u00a0\u00c2\u00a0\u00c2\u00a0\u00c2\u00a0 Citro\u00c3\u00abn DS3 R3\/Ford Fiesta S200\u00c2\u00a0\u00c2\u00a0\u00c2\u00a0\u00c2\u00a0\u00c2\u00a0\u00c2\u00a0\u00c2\u00a0\u00c2\u00a0\u00c2\u00a0\u00c2\u00a0\u00c2\u00a0 100<br \/>\n2\u00c2\u00a0\u00c2\u00a0\u00c2\u00a0\u00c2\u00a0\u00c2\u00a0\u00c2\u00a0\u00c2\u00a0\u00c2\u00a0\u00c2\u00a0\u00c2\u00a0\u00c2\u00a0 Wallenwein Mark \/ Kopczyk\u00c2\u00a0\u00c2\u00a0\u00c2\u00a0\u00c2\u00a0\u00c2\u00a0\u00c2\u00a0\u00c2\u00a0\u00c2\u00a0\u00c2\u00a0\u00c2\u00a0\u00c2\u00a0 \u00c2\u00a0\u00c2\u00a0\u00c2\u00a0 \u00c2\u00a0 \u00c2\u00a0 4\u00c2\u00a0\u00c2\u00a0\u00c2\u00a0\u00c2\u00a0\u00c2\u00a0\u00c2\u00a0\u00c2\u00a0\u00c2\u00a0\u00c2\u00a0\u00c2\u00a0\u00c2\u00a0 Skoda Fabia S2000\u00c2\u00a0\u00c2\u00a0\u00c2\u00a0\u00c2\u00a0\u00c2\u00a0\u00c2\u00a0\u00c2\u00a0\u00c2\u00a0\u00c2\u00a0\u00c2\u00a0\u00c2\u00a0 \u00c2\u00a0\u00c2\u00a0\u00c2\u00a0\u00c2\u00a0\u00c2\u00a0\u00c2\u00a0\u00c2\u00a0\u00c2\u00a0\u00c2\u00a0\u00c2\u00a0\u00c2\u00a0 \u00c2\u00a0\u00c2\u00a0\u00c2\u00a0\u00c2\u00a0\u00c2\u00a0\u00c2\u00a0\u00c2\u00a0\u00c2\u00a0\u00c2\u00a0\u00c2\u00a0\u00c2\u00a0\u00c2\u00a0\u00c2\u00a0 88<br \/>\n3\u00c2\u00a0\u00c2\u00a0\u00c2\u00a0\u00c2\u00a0\u00c2\u00a0\u00c2\u00a0\u00c2\u00a0\u00c2\u00a0\u00c2\u00a0\u00c2\u00a0\u00c2\u00a0 Riedemann, Christian\u00c2\u00a0\u00c2\u00a0\u00c2\u00a0\u00c2\u00a0\u00c2\u00a0\u00c2\u00a0\u00c2\u00a0\u00c2\u00a0\u00c2\u00a0\u00c2\u00a0\u00c2\u00a0 \u00c2\u00a0\u00c2\u00a0\u00c2\u00a0\u00c2\u00a0\u00c2\u00a0\u00c2\u00a0\u00c2\u00a0\u00c2\u00a0\u00c2\u00a0\u00c2\u00a0\u00c2\u00a0 \u00c2\u00a0\u00c2\u00a0\u00c2\u00a0\u00c2\u00a0\u00c2\u00a0\u00c2\u00a0 11\u00c2\u00a0\u00c2\u00a0\u00c2\u00a0\u00c2\u00a0\u00c2\u00a0\u00c2\u00a0\u00c2\u00a0\u00c2\u00a0\u00c2\u00a0\u00c2\u00a0\u00c2\u00a0 Citro\u00c3\u00abn DS3 R3\u00c2\u00a0\u00c2\u00a0\u00c2\u00a0\u00c2\u00a0\u00c2\u00a0\u00c2\u00a0\u00c2\u00a0\u00c2\u00a0\u00c2\u00a0\u00c2\u00a0\u00c2\u00a0 \u00c2\u00a0\u00c2\u00a0\u00c2\u00a0\u00c2\u00a0\u00c2\u00a0\u00c2\u00a0\u00c2\u00a0\u00c2\u00a0\u00c2\u00a0\u00c2\u00a0\u00c2\u00a0 \u00c2\u00a0\u00c2\u00a0\u00c2\u00a0\u00c2\u00a0\u00c2\u00a0\u00c2\u00a0\u00c2\u00a0\u00c2\u00a0\u00c2\u00a0\u00c2\u00a0\u00c2\u00a0\u00c2\u00a0\u00c2\u00a0\u00c2\u00a0\u00c2\u00a0\u00c2\u00a0\u00c2\u00a0\u00c2\u00a0\u00c2\u00a0\u00c2\u00a0\u00c2\u00a0 71<br \/>\n4\u00c2\u00a0\u00c2\u00a0\u00c2\u00a0\u00c2\u00a0\u00c2\u00a0\u00c2\u00a0\u00c2\u00a0\u00c2\u00a0\u00c2\u00a0\u00c2\u00a0\u00c2\u00a0 Ga\u00dfner \/ Thannh\u00e4user\u00c2\u00a0\u00c2\u00a0\u00c2\u00a0\u00c2\u00a0\u00c2\u00a0\u00c2\u00a0\u00c2\u00a0\u00c2\u00a0\u00c2\u00a0\u00c2\u00a0\u00c2\u00a0 \u00c2\u00a0\u00c2\u00a0\u00c2\u00a0\u00c2\u00a0\u00c2\u00a0\u00c2\u00a0\u00c2\u00a0\u00c2\u00a0\u00c2\u00a0\u00c2\u00a0 \u00c2\u00a0 \u00c2\u00a0 \u00c2\u00a0\u00c2\u00a0 2\u00c2\u00a0\u00c2\u00a0\u00c2\u00a0\u00c2\u00a0\u00c2\u00a0\u00c2\u00a0\u00c2\u00a0\u00c2\u00a0\u00c2\u00a0\u00c2\u00a0\u00c2\u00a0 Mitsubishi Lancer E10\u00c2\u00a0\u00c2\u00a0\u00c2\u00a0\u00c2\u00a0\u00c2\u00a0\u00c2\u00a0\u00c2\u00a0\u00c2\u00a0\u00c2\u00a0\u00c2\u00a0\u00c2\u00a0 \u00c2\u00a0\u00c2\u00a0\u00c2\u00a0\u00c2\u00a0\u00c2\u00a0\u00c2\u00a0\u00c2\u00a0\u00c2\u00a0\u00c2\u00a0\u00c2\u00a0\u00c2\u00a0\u00c2\u00a0\u00c2\u00a0\u00c2\u00a0\u00c2\u00a0\u00c2\u00a0\u00c2\u00a0\u00c2\u00a0\u00c2\u00a0\u00c2\u00a0\u00c2\u00a0 66<br \/>\n5\u00c2\u00a0\u00c2\u00a0\u00c2\u00a0\u00c2\u00a0\u00c2\u00a0\u00c2\u00a0\u00c2\u00a0\u00c2\u00a0\u00c2\u00a0\u00c2\u00a0\u00c2\u00a0 Wallenwein Sandro \/ Poschner\u00c2\u00a0\u00c2\u00a0\u00c2\u00a0\u00c2\u00a0\u00c2\u00a0\u00c2\u00a0\u00c2\u00a0\u00c2\u00a0\u00c2\u00a0\u00c2\u00a0\u00c2\u00a0\u00c2\u00a0\u00c2\u00a0\u00c2\u00a0\u00c2\u00a0 1\u00c2\u00a0\u00c2\u00a0\u00c2\u00a0\u00c2\u00a0\u00c2\u00a0\u00c2\u00a0\u00c2\u00a0\u00c2\u00a0\u00c2\u00a0\u00c2\u00a0\u00c2\u00a0 Subaru Impreza N16\u00c2\u00a0\u00c2\u00a0\u00c2\u00a0\u00c2\u00a0\u00c2\u00a0\u00c2\u00a0\u00c2\u00a0\u00c2\u00a0\u00c2\u00a0\u00c2\u00a0\u00c2\u00a0 \u00c2\u00a0\u00c2\u00a0\u00c2\u00a0\u00c2\u00a0\u00c2\u00a0\u00c2\u00a0\u00c2\u00a0\u00c2\u00a0\u00c2\u00a0\u00c2\u00a0\u00c2\u00a0 \u00c2\u00a0\u00c2\u00a0\u00c2\u00a0\u00c2\u00a0\u00c2\u00a0\u00c2\u00a0\u00c2\u00a0\u00c2\u00a0\u00c2\u00a0\u00c2\u00a0 \u00c2\u00a0 62<\/p>\n<p><a title=\"Foto: Denny Rausch\" href=\"http:\/\/www.fuldaer-nachrichten.de\/wp-content\/uploads\/2012\/04\/120416_rallye_020.jpg\" rel=\"lightbox[roadtrip]\" target=\"_blank\"><img decoding=\"async\" src=\"http:\/\/www.fuldaer-nachrichten.de\/wp-content\/uploads\/2012\/04\/120416_rallye_020.thumb.jpg\" alt=\"Foto: Denny Rausch\" width=\"265\" \/><\/a>\u00c2\u00a0<a title=\"Foto: Denny Rausch\" href=\"http:\/\/www.fuldaer-nachrichten.de\/wp-content\/uploads\/2012\/04\/120416_rallye_021.jpg\" rel=\"lightbox[roadtrip]\" target=\"_blank\"><img decoding=\"async\" src=\"http:\/\/www.fuldaer-nachrichten.de\/wp-content\/uploads\/2012\/04\/120416_rallye_021.thumb.jpg\" alt=\"Foto: Denny Rausch\" width=\"265\" \/><\/a><\/p>\n<p><a title=\"Foto: Denny Rausch\" href=\"http:\/\/www.fuldaer-nachrichten.de\/wp-content\/uploads\/2012\/04\/120416_rallye_022.jpg\" rel=\"lightbox[roadtrip]\" target=\"_blank\"><img decoding=\"async\" src=\"http:\/\/www.fuldaer-nachrichten.de\/wp-content\/uploads\/2012\/04\/120416_rallye_022.thumb.jpg\" alt=\"Foto: Denny Rausch\" width=\"265\" \/><\/a>\u00c2\u00a0<a title=\"Foto: Denny Rausch\" href=\"http:\/\/www.fuldaer-nachrichten.de\/wp-content\/uploads\/2012\/04\/120416_rallye_023.jpg\" rel=\"lightbox[roadtrip]\" target=\"_blank\"><img decoding=\"async\" src=\"http:\/\/www.fuldaer-nachrichten.de\/wp-content\/uploads\/2012\/04\/120416_rallye_023.thumb.jpg\" alt=\"Foto: Denny Rausch\" width=\"265\" \/><\/a><\/p>\n<p><a title=\"Foto: Denny Rausch\" href=\"http:\/\/www.fuldaer-nachrichten.de\/wp-content\/uploads\/2012\/04\/120416_rallye_024.jpg\" rel=\"lightbox[roadtrip]\" target=\"_blank\"><img decoding=\"async\" src=\"http:\/\/www.fuldaer-nachrichten.de\/wp-content\/uploads\/2012\/04\/120416_rallye_024.thumb.jpg\" alt=\"Foto: Denny Rausch\" width=\"265\" \/><\/a>\u00c2\u00a0<a title=\"Foto: Denny Rausch\" href=\"http:\/\/www.fuldaer-nachrichten.de\/wp-content\/uploads\/2012\/04\/120416_rallye_025.jpg\" rel=\"lightbox[roadtrip]\" target=\"_blank\"><img decoding=\"async\" src=\"http:\/\/www.fuldaer-nachrichten.de\/wp-content\/uploads\/2012\/04\/120416_rallye_025.thumb.jpg\" alt=\"Foto: Denny Rausch\" width=\"265\" \/><\/a><\/p>\n<p><a title=\"Foto: Denny Rausch\" href=\"http:\/\/www.fuldaer-nachrichten.de\/wp-content\/uploads\/2012\/04\/120416_rallye_026.jpg\" rel=\"lightbox[roadtrip]\" target=\"_blank\"><img decoding=\"async\" src=\"http:\/\/www.fuldaer-nachrichten.de\/wp-content\/uploads\/2012\/04\/120416_rallye_026.thumb.jpg\" alt=\"Foto: Denny Rausch\" width=\"265\" \/><\/a>\u00c2\u00a0<a title=\"Foto: Denny Rausch\" href=\"http:\/\/www.fuldaer-nachrichten.de\/wp-content\/uploads\/2012\/04\/120416_rallye_027.jpg\" rel=\"lightbox[roadtrip]\" target=\"_blank\"><img decoding=\"async\" src=\"http:\/\/www.fuldaer-nachrichten.de\/wp-content\/uploads\/2012\/04\/120416_rallye_027.thumb.jpg\" alt=\"Foto: Denny Rausch\" width=\"265\" \/><\/a><\/p>\n<p><a title=\"Foto: Denny Rausch\" href=\"http:\/\/www.fuldaer-nachrichten.de\/wp-content\/uploads\/2012\/04\/120416_rallye_028.jpg\" rel=\"lightbox[roadtrip]\" target=\"_blank\"><img decoding=\"async\" src=\"http:\/\/www.fuldaer-nachrichten.de\/wp-content\/uploads\/2012\/04\/120416_rallye_028.thumb.jpg\" alt=\"Foto: Denny Rausch\" width=\"265\" \/><\/a>\u00c2\u00a0<a title=\"Foto: Denny Rausch\" href=\"http:\/\/www.fuldaer-nachrichten.de\/wp-content\/uploads\/2012\/04\/120416_rallye_029.jpg\" rel=\"lightbox[roadtrip]\" target=\"_blank\"><img decoding=\"async\" src=\"http:\/\/www.fuldaer-nachrichten.de\/wp-content\/uploads\/2012\/04\/120416_rallye_029.thumb.jpg\" alt=\"Foto: Denny Rausch\" width=\"265\" \/><\/a><\/p>\n<p><a title=\"Foto: Denny Rausch\" href=\"http:\/\/www.fuldaer-nachrichten.de\/wp-content\/uploads\/2012\/04\/120416_rallye_030.jpg\" rel=\"lightbox[roadtrip]\" target=\"_blank\"><img decoding=\"async\" src=\"http:\/\/www.fuldaer-nachrichten.de\/wp-content\/uploads\/2012\/04\/120416_rallye_030.thumb.jpg\" alt=\"Foto: Denny Rausch\" width=\"265\" \/><\/a>\u00c2\u00a0<a title=\"Foto: Denny Rausch\" href=\"http:\/\/www.fuldaer-nachrichten.de\/wp-content\/uploads\/2012\/04\/120416_rallye_031.jpg\" rel=\"lightbox[roadtrip]\" target=\"_blank\"><img decoding=\"async\" src=\"http:\/\/www.fuldaer-nachrichten.de\/wp-content\/uploads\/2012\/04\/120416_rallye_031.thumb.jpg\" alt=\"Foto: Denny Rausch\" width=\"265\" \/><\/a><\/p>\n<p><a title=\"Foto: Denny Rausch\" href=\"http:\/\/www.fuldaer-nachrichten.de\/wp-content\/uploads\/2012\/04\/120416_rallye_032.jpg\" rel=\"lightbox[roadtrip]\" target=\"_blank\"><img decoding=\"async\" src=\"http:\/\/www.fuldaer-nachrichten.de\/wp-content\/uploads\/2012\/04\/120416_rallye_032.thumb.jpg\" alt=\"Foto: Denny Rausch\" width=\"265\" \/><\/a>\u00c2\u00a0<a title=\"Foto: Denny Rausch\" href=\"http:\/\/www.fuldaer-nachrichten.de\/wp-content\/uploads\/2012\/04\/120416_rallye_033.jpg\" rel=\"lightbox[roadtrip]\" target=\"_blank\"><img decoding=\"async\" src=\"http:\/\/www.fuldaer-nachrichten.de\/wp-content\/uploads\/2012\/04\/120416_rallye_033.thumb.jpg\" alt=\"Foto: Denny Rausch\" width=\"265\" \/><\/a><\/p>\n<p><a title=\"Foto: Denny Rausch\" href=\"http:\/\/www.fuldaer-nachrichten.de\/wp-content\/uploads\/2012\/04\/120416_rallye_034.jpg\" rel=\"lightbox[roadtrip]\" target=\"_blank\"><img decoding=\"async\" src=\"http:\/\/www.fuldaer-nachrichten.de\/wp-content\/uploads\/2012\/04\/120416_rallye_034.thumb.jpg\" alt=\"Foto: Denny Rausch\" width=\"265\" \/><\/a>\u00c2\u00a0<a title=\"Foto: Denny Rausch\" href=\"http:\/\/www.fuldaer-nachrichten.de\/wp-content\/uploads\/2012\/04\/120416_rallye_035.jpg\" rel=\"lightbox[roadtrip]\" target=\"_blank\"><img decoding=\"async\" src=\"http:\/\/www.fuldaer-nachrichten.de\/wp-content\/uploads\/2012\/04\/120416_rallye_035.thumb.jpg\" alt=\"Foto: Denny Rausch\" width=\"265\" \/><\/a><\/p>\n<p><a title=\"Foto: Denny Rausch\" href=\"http:\/\/www.fuldaer-nachrichten.de\/wp-content\/uploads\/2012\/04\/120416_rallye_036.jpg\" rel=\"lightbox[roadtrip]\" target=\"_blank\"><img decoding=\"async\" src=\"http:\/\/www.fuldaer-nachrichten.de\/wp-content\/uploads\/2012\/04\/120416_rallye_036.thumb.jpg\" alt=\"Foto: Denny Rausch\" width=\"265\" \/><\/a>\u00c2\u00a0<a title=\"Foto: Denny Rausch\" href=\"http:\/\/www.fuldaer-nachrichten.de\/wp-content\/uploads\/2012\/04\/120416_rallye_037.jpg\" rel=\"lightbox[roadtrip]\" target=\"_blank\"><img decoding=\"async\" src=\"http:\/\/www.fuldaer-nachrichten.de\/wp-content\/uploads\/2012\/04\/120416_rallye_037.thumb.jpg\" alt=\"Foto: Denny Rausch\" width=\"265\" \/><\/a><\/p>\n<p><a title=\"Foto: Denny Rausch\" href=\"http:\/\/www.fuldaer-nachrichten.de\/wp-content\/uploads\/2012\/04\/120416_rallye_038.jpg\" rel=\"lightbox[roadtrip]\" target=\"_blank\"><img decoding=\"async\" src=\"http:\/\/www.fuldaer-nachrichten.de\/wp-content\/uploads\/2012\/04\/120416_rallye_038.thumb.jpg\" alt=\"Foto: Denny Rausch\" width=\"265\" \/><\/a>\u00c2\u00a0<a title=\"Foto: Denny Rausch\" href=\"http:\/\/www.fuldaer-nachrichten.de\/wp-content\/uploads\/2012\/04\/120416_rallye_039.jpg\" rel=\"lightbox[roadtrip]\" target=\"_blank\"><img decoding=\"async\" src=\"http:\/\/www.fuldaer-nachrichten.de\/wp-content\/uploads\/2012\/04\/120416_rallye_039.thumb.jpg\" alt=\"Foto: Denny Rausch\" width=\"265\" \/><\/a><\/p>\n<p><a title=\"Foto: Denny Rausch\" href=\"http:\/\/www.fuldaer-nachrichten.de\/wp-content\/uploads\/2012\/04\/120416_rallye_040.jpg\" rel=\"lightbox[roadtrip]\" target=\"_blank\"><img decoding=\"async\" src=\"http:\/\/www.fuldaer-nachrichten.de\/wp-content\/uploads\/2012\/04\/120416_rallye_040.thumb.jpg\" alt=\"Foto: Denny Rausch\" width=\"265\" \/><\/a>\u00c2\u00a0<a title=\"Foto: Denny Rausch\" href=\"http:\/\/www.fuldaer-nachrichten.de\/wp-content\/uploads\/2012\/04\/120416_rallye_041.jpg\" rel=\"lightbox[roadtrip]\" target=\"_blank\"><img decoding=\"async\" src=\"http:\/\/www.fuldaer-nachrichten.de\/wp-content\/uploads\/2012\/04\/120416_rallye_041.thumb.jpg\" alt=\"Foto: Denny Rausch\" width=\"265\" \/><\/a><\/p>\n<p><a title=\"Foto: Denny Rausch\" href=\"http:\/\/www.fuldaer-nachrichten.de\/wp-content\/uploads\/2012\/04\/120416_rallye_042.jpg\" rel=\"lightbox[roadtrip]\" target=\"_blank\"><img decoding=\"async\" src=\"http:\/\/www.fuldaer-nachrichten.de\/wp-content\/uploads\/2012\/04\/120416_rallye_042.thumb.jpg\" alt=\"Foto: Denny Rausch\" width=\"265\" \/><\/a>\u00c2\u00a0<a title=\"Foto: Denny Rausch\" href=\"http:\/\/www.fuldaer-nachrichten.de\/wp-content\/uploads\/2012\/04\/120416_rallye_043.jpg\" rel=\"lightbox[roadtrip]\" target=\"_blank\"><img decoding=\"async\" src=\"http:\/\/www.fuldaer-nachrichten.de\/wp-content\/uploads\/2012\/04\/120416_rallye_043.thumb.jpg\" alt=\"Foto: Denny Rausch\" width=\"265\" \/><\/a><\/p>\n<p><a title=\"Foto: Denny Rausch\" href=\"http:\/\/www.fuldaer-nachrichten.de\/wp-content\/uploads\/2012\/04\/120416_rallye_044.jpg\" rel=\"lightbox[roadtrip]\" target=\"_blank\"><img decoding=\"async\" src=\"http:\/\/www.fuldaer-nachrichten.de\/wp-content\/uploads\/2012\/04\/120416_rallye_044.thumb.jpg\" alt=\"Foto: Denny Rausch\" width=\"265\" \/><\/a>\u00c2\u00a0<a title=\"Foto: Denny Rausch\" href=\"http:\/\/www.fuldaer-nachrichten.de\/wp-content\/uploads\/2012\/04\/120416_rallye_045.jpg\" rel=\"lightbox[roadtrip]\" target=\"_blank\"><img decoding=\"async\" src=\"http:\/\/www.fuldaer-nachrichten.de\/wp-content\/uploads\/2012\/04\/120416_rallye_045.thumb.jpg\" alt=\"Foto: Denny Rausch\" width=\"265\" \/><\/a><\/p>\n<p><a title=\"Foto: Denny Rausch\" href=\"http:\/\/www.fuldaer-nachrichten.de\/wp-content\/uploads\/2012\/04\/120416_rallye_046.jpg\" rel=\"lightbox[roadtrip]\" target=\"_blank\"><img decoding=\"async\" src=\"http:\/\/www.fuldaer-nachrichten.de\/wp-content\/uploads\/2012\/04\/120416_rallye_046.thumb.jpg\" alt=\"Foto: Denny Rausch\" width=\"265\" \/><\/a>\u00c2\u00a0<a title=\"Foto: Denny Rausch\" href=\"http:\/\/www.fuldaer-nachrichten.de\/wp-content\/uploads\/2012\/04\/120416_rallye_047.jpg\" rel=\"lightbox[roadtrip]\" target=\"_blank\"><img decoding=\"async\" src=\"http:\/\/www.fuldaer-nachrichten.de\/wp-content\/uploads\/2012\/04\/120416_rallye_047.thumb.jpg\" alt=\"Foto: Denny Rausch\" width=\"265\" \/><\/a><\/p>\n<p><a title=\"Foto: Denny Rausch\" href=\"http:\/\/www.fuldaer-nachrichten.de\/wp-content\/uploads\/2012\/04\/120416_rallye_048.jpg\" rel=\"lightbox[roadtrip]\" target=\"_blank\"><img decoding=\"async\" src=\"http:\/\/www.fuldaer-nachrichten.de\/wp-content\/uploads\/2012\/04\/120416_rallye_048.thumb.jpg\" alt=\"Foto: Denny Rausch\" width=\"265\" \/><\/a>\u00c2\u00a0<a title=\"Foto: Denny Rausch\" href=\"http:\/\/www.fuldaer-nachrichten.de\/wp-content\/uploads\/2012\/04\/120416_rallye_049.jpg\" rel=\"lightbox[roadtrip]\" target=\"_blank\"><img decoding=\"async\" src=\"http:\/\/www.fuldaer-nachrichten.de\/wp-content\/uploads\/2012\/04\/120416_rallye_049.thumb.jpg\" alt=\"Foto: Denny Rausch\" width=\"265\" \/><\/a><\/p>\n<p><a title=\"Foto: Denny Rausch\" href=\"http:\/\/www.fuldaer-nachrichten.de\/wp-content\/uploads\/2012\/04\/120416_rallye_050.jpg\" rel=\"lightbox[roadtrip]\" target=\"_blank\"><img decoding=\"async\" src=\"http:\/\/www.fuldaer-nachrichten.de\/wp-content\/uploads\/2012\/04\/120416_rallye_050.thumb.jpg\" alt=\"Foto: Denny Rausch\" width=\"265\" \/><\/a>\u00c2\u00a0<a title=\"Foto: Denny Rausch\" href=\"http:\/\/www.fuldaer-nachrichten.de\/wp-content\/uploads\/2012\/04\/120416_rallye_051.jpg\" rel=\"lightbox[roadtrip]\" target=\"_blank\"><img decoding=\"async\" src=\"http:\/\/www.fuldaer-nachrichten.de\/wp-content\/uploads\/2012\/04\/120416_rallye_051.thumb.jpg\" alt=\"Foto: Denny Rausch\" width=\"265\" \/><\/a><\/p>\n<p><a title=\"Foto: Denny Rausch\" href=\"http:\/\/www.fuldaer-nachrichten.de\/wp-content\/uploads\/2012\/04\/120416_rallye_052.jpg\" rel=\"lightbox[roadtrip]\" target=\"_blank\"><img decoding=\"async\" src=\"http:\/\/www.fuldaer-nachrichten.de\/wp-content\/uploads\/2012\/04\/120416_rallye_052.thumb.jpg\" alt=\"Foto: Denny Rausch\" width=\"265\" \/><\/a>\u00c2\u00a0<a title=\"Foto: Denny Rausch\" href=\"http:\/\/www.fuldaer-nachrichten.de\/wp-content\/uploads\/2012\/04\/120416_rallye_053.jpg\" rel=\"lightbox[roadtrip]\" target=\"_blank\"><img decoding=\"async\" src=\"http:\/\/www.fuldaer-nachrichten.de\/wp-content\/uploads\/2012\/04\/120416_rallye_053.thumb.jpg\" alt=\"Foto: Denny Rausch\" width=\"265\" \/><\/a><\/p>\n<p><a title=\"Foto: Denny Rausch\" href=\"http:\/\/www.fuldaer-nachrichten.de\/wp-content\/uploads\/2012\/04\/120416_rallye_054.jpg\" rel=\"lightbox[roadtrip]\" target=\"_blank\"><img decoding=\"async\" src=\"http:\/\/www.fuldaer-nachrichten.de\/wp-content\/uploads\/2012\/04\/120416_rallye_054.thumb.jpg\" alt=\"Foto: Denny Rausch\" width=\"265\" \/><\/a>\u00c2\u00a0<a title=\"Foto: Denny Rausch\" href=\"http:\/\/www.fuldaer-nachrichten.de\/wp-content\/uploads\/2012\/04\/120416_rallye_055.jpg\" rel=\"lightbox[roadtrip]\" target=\"_blank\"><img decoding=\"async\" src=\"http:\/\/www.fuldaer-nachrichten.de\/wp-content\/uploads\/2012\/04\/120416_rallye_055.thumb.jpg\" alt=\"Foto: Denny Rausch\" width=\"265\" \/><\/a><\/p>\n<p><a title=\"Foto: Denny Rausch\" href=\"http:\/\/www.fuldaer-nachrichten.de\/wp-content\/uploads\/2012\/04\/120416_rallye_056.jpg\" rel=\"lightbox[roadtrip]\" target=\"_blank\"><img decoding=\"async\" src=\"http:\/\/www.fuldaer-nachrichten.de\/wp-content\/uploads\/2012\/04\/120416_rallye_056.thumb.jpg\" alt=\"Foto: Denny Rausch\" width=\"265\" \/><\/a>\u00c2\u00a0<a title=\"Foto: Denny Rausch\" href=\"http:\/\/www.fuldaer-nachrichten.de\/wp-content\/uploads\/2012\/04\/120416_rallye_057.jpg\" rel=\"lightbox[roadtrip]\" target=\"_blank\"><img decoding=\"async\" src=\"http:\/\/www.fuldaer-nachrichten.de\/wp-content\/uploads\/2012\/04\/120416_rallye_057.thumb.jpg\" alt=\"Foto: Denny Rausch\" width=\"265\" \/><\/a><\/p>\n<p><a title=\"Foto: Denny Rausch\" href=\"http:\/\/www.fuldaer-nachrichten.de\/wp-content\/uploads\/2012\/04\/120416_rallye_058.jpg\" rel=\"lightbox[roadtrip]\" target=\"_blank\"><img decoding=\"async\" src=\"http:\/\/www.fuldaer-nachrichten.de\/wp-content\/uploads\/2012\/04\/120416_rallye_058.thumb.jpg\" alt=\"Foto: Denny Rausch\" width=\"265\" \/><\/a>\u00c2\u00a0<a title=\"Foto: Denny Rausch\" href=\"http:\/\/www.fuldaer-nachrichten.de\/wp-content\/uploads\/2012\/04\/120416_rallye_059.jpg\" rel=\"lightbox[roadtrip]\" target=\"_blank\"><img decoding=\"async\" src=\"http:\/\/www.fuldaer-nachrichten.de\/wp-content\/uploads\/2012\/04\/120416_rallye_059.thumb.jpg\" alt=\"Foto: Denny Rausch\" width=\"265\" \/><\/a><\/p>\n<p><a title=\"Foto: Denny Rausch\" href=\"http:\/\/www.fuldaer-nachrichten.de\/wp-content\/uploads\/2012\/04\/120416_rallye_060.jpg\" rel=\"lightbox[roadtrip]\" target=\"_blank\"><img decoding=\"async\" src=\"http:\/\/www.fuldaer-nachrichten.de\/wp-content\/uploads\/2012\/04\/120416_rallye_060.thumb.jpg\" alt=\"Foto: Denny Rausch\" width=\"265\" \/><\/a>\u00c2\u00a0<a title=\"Foto: Denny Rausch\" href=\"http:\/\/www.fuldaer-nachrichten.de\/wp-content\/uploads\/2012\/04\/120416_rallye_061.jpg\" rel=\"lightbox[roadtrip]\" target=\"_blank\"><img decoding=\"async\" src=\"http:\/\/www.fuldaer-nachrichten.de\/wp-content\/uploads\/2012\/04\/120416_rallye_061.thumb.jpg\" alt=\"Foto: Denny Rausch\" width=\"265\" \/><\/a><\/p>\n<p><a title=\"Foto: Denny Rausch\" href=\"http:\/\/www.fuldaer-nachrichten.de\/wp-content\/uploads\/2012\/04\/120416_rallye_062.jpg\" rel=\"lightbox[roadtrip]\" target=\"_blank\"><img decoding=\"async\" src=\"http:\/\/www.fuldaer-nachrichten.de\/wp-content\/uploads\/2012\/04\/120416_rallye_062.thumb.jpg\" alt=\"Foto: Denny Rausch\" width=\"265\" \/><\/a>\u00c2\u00a0<a title=\"Foto: Denny Rausch\" href=\"http:\/\/www.fuldaer-nachrichten.de\/wp-content\/uploads\/2012\/04\/120416_rallye_063.jpg\" rel=\"lightbox[roadtrip]\" target=\"_blank\"><img decoding=\"async\" src=\"http:\/\/www.fuldaer-nachrichten.de\/wp-content\/uploads\/2012\/04\/120416_rallye_063.thumb.jpg\" alt=\"Foto: Denny Rausch\" width=\"265\" \/><\/a><\/p>\n<p><a title=\"Foto: Denny Rausch\" href=\"http:\/\/www.fuldaer-nachrichten.de\/wp-content\/uploads\/2012\/04\/120416_rallye_064.jpg\" rel=\"lightbox[roadtrip]\" target=\"_blank\"><img decoding=\"async\" src=\"http:\/\/www.fuldaer-nachrichten.de\/wp-content\/uploads\/2012\/04\/120416_rallye_064.thumb.jpg\" alt=\"Foto: Denny Rausch\" width=\"265\" \/><\/a>\u00c2\u00a0<a title=\"Foto: Denny Rausch\" href=\"http:\/\/www.fuldaer-nachrichten.de\/wp-content\/uploads\/2012\/04\/120416_rallye_065.jpg\" rel=\"lightbox[roadtrip]\" target=\"_blank\"><img decoding=\"async\" src=\"http:\/\/www.fuldaer-nachrichten.de\/wp-content\/uploads\/2012\/04\/120416_rallye_065.thumb.jpg\" alt=\"Foto: Denny Rausch\" width=\"265\" \/><\/a><\/p>\n<p><a title=\"Foto: Denny Rausch\" href=\"http:\/\/www.fuldaer-nachrichten.de\/wp-content\/uploads\/2012\/04\/120416_rallye_066.jpg\" rel=\"lightbox[roadtrip]\" target=\"_blank\"><img decoding=\"async\" src=\"http:\/\/www.fuldaer-nachrichten.de\/wp-content\/uploads\/2012\/04\/120416_rallye_066.thumb.jpg\" alt=\"Foto: Denny Rausch\" width=\"265\" \/><\/a>\u00c2\u00a0<a title=\"Foto: Denny Rausch\" href=\"http:\/\/www.fuldaer-nachrichten.de\/wp-content\/uploads\/2012\/04\/120416_rallye_067.jpg\" rel=\"lightbox[roadtrip]\" target=\"_blank\"><img decoding=\"async\" src=\"http:\/\/www.fuldaer-nachrichten.de\/wp-content\/uploads\/2012\/04\/120416_rallye_067.thumb.jpg\" alt=\"Foto: Denny Rausch\" width=\"265\" \/><\/a><\/p>\n<p><a title=\"Foto: Denny Rausch\" href=\"http:\/\/www.fuldaer-nachrichten.de\/wp-content\/uploads\/2012\/04\/120416_rallye_068.jpg\" rel=\"lightbox[roadtrip]\" target=\"_blank\"><img decoding=\"async\" src=\"http:\/\/www.fuldaer-nachrichten.de\/wp-content\/uploads\/2012\/04\/120416_rallye_068.thumb.jpg\" alt=\"Foto: Denny Rausch\" width=\"265\" \/><\/a>\u00c2\u00a0<a title=\"Foto: Denny Rausch\" href=\"http:\/\/www.fuldaer-nachrichten.de\/wp-content\/uploads\/2012\/04\/120416_rallye_069.jpg\" rel=\"lightbox[roadtrip]\" target=\"_blank\"><img decoding=\"async\" src=\"http:\/\/www.fuldaer-nachrichten.de\/wp-content\/uploads\/2012\/04\/120416_rallye_069.thumb.jpg\" alt=\"Foto: Denny Rausch\" width=\"265\" \/><\/a><\/p>\n<p><a title=\"Foto: Denny Rausch\" href=\"http:\/\/www.fuldaer-nachrichten.de\/wp-content\/uploads\/2012\/04\/120416_rallye_070.jpg\" rel=\"lightbox[roadtrip]\" target=\"_blank\"><img decoding=\"async\" src=\"http:\/\/www.fuldaer-nachrichten.de\/wp-content\/uploads\/2012\/04\/120416_rallye_070.thumb.jpg\" alt=\"Foto: Denny Rausch\" width=\"265\" \/><\/a>\u00c2\u00a0<a title=\"Foto: Denny Rausch\" href=\"http:\/\/www.fuldaer-nachrichten.de\/wp-content\/uploads\/2012\/04\/120416_rallye_071.jpg\" rel=\"lightbox[roadtrip]\" target=\"_blank\"><img decoding=\"async\" src=\"http:\/\/www.fuldaer-nachrichten.de\/wp-content\/uploads\/2012\/04\/120416_rallye_071.thumb.jpg\" alt=\"Foto: Denny Rausch\" width=\"265\" \/><\/a><\/p>\n<p><a title=\"Foto: Denny Rausch\" href=\"http:\/\/www.fuldaer-nachrichten.de\/wp-content\/uploads\/2012\/04\/120416_rallye_072.jpg\" rel=\"lightbox[roadtrip]\" target=\"_blank\"><img decoding=\"async\" src=\"http:\/\/www.fuldaer-nachrichten.de\/wp-content\/uploads\/2012\/04\/120416_rallye_072.thumb.jpg\" alt=\"Foto: Denny Rausch\" width=\"265\" \/><\/a>\u00c2\u00a0<a title=\"Foto: Denny Rausch\" href=\"http:\/\/www.fuldaer-nachrichten.de\/wp-content\/uploads\/2012\/04\/120416_rallye_073.jpg\" rel=\"lightbox[roadtrip]\" target=\"_blank\"><img decoding=\"async\" src=\"http:\/\/www.fuldaer-nachrichten.de\/wp-content\/uploads\/2012\/04\/120416_rallye_073.thumb.jpg\" alt=\"Foto: Denny Rausch\" width=\"265\" \/><\/a><\/p>\n<p><a title=\"Foto: Denny Rausch\" href=\"http:\/\/www.fuldaer-nachrichten.de\/wp-content\/uploads\/2012\/04\/120416_rallye_074.jpg\" rel=\"lightbox[roadtrip]\" target=\"_blank\"><img decoding=\"async\" src=\"http:\/\/www.fuldaer-nachrichten.de\/wp-content\/uploads\/2012\/04\/120416_rallye_074.thumb.jpg\" alt=\"Foto: Denny Rausch\" width=\"265\" \/><\/a><\/p>\n","protected":false},"excerpt":{"rendered":"<div class=\"tmnf_excerpt\"><p>Alsfeld \/ Vogelsberg.\u00c2\u00a0Die Geschichte wiederholt sich. Im Vorjahr schon konnte Felix Herbold (Ismaning) nur drei Wochen nach der Wikinger Rallye auch die ADAC Hessen Rallye gewinnen. Dieses Kunstst\u00fcck gelang ihm mit Co Michael K\u00f6lbach (Winterwerb) im Ford Fiesta S 2000 auch in diesem Jahr. \u201eEs waren einfach tolle Pr\u00fcfungen hier in Hessen, sch\u00f6n das es &hellip;<\/p>\n<\/div>","protected":false},"author":1,"featured_media":0,"comment_status":"closed","ping_status":"closed","sticky":false,"template":"","format":"standard","meta":{"footnotes":""},"categories":[1,35,54,78],"tags":[],"class_list":["post-97086","post","type-post","status-publish","format-standard","hentry","category-startseite","category-auto","category-bildergalerien","category-topthema"],"_links":{"self":[{"href":"https:\/\/www.fuldaernachrichten.de\/index.php?rest_route=\/wp\/v2\/posts\/97086","targetHints":{"allow":["GET"]}}],"collection":[{"href":"https:\/\/www.fuldaernachrichten.de\/index.php?rest_route=\/wp\/v2\/posts"}],"about":[{"href":"https:\/\/www.fuldaernachrichten.de\/index.php?rest_route=\/wp\/v2\/types\/post"}],"author":[{"embeddable":true,"href":"https:\/\/www.fuldaernachrichten.de\/index.php?rest_route=\/wp\/v2\/users\/1"}],"replies":[{"embeddable":true,"href":"https:\/\/www.fuldaernachrichten.de\/index.php?rest_route=%2Fwp%2Fv2%2Fcomments&post=97086"}],"version-history":[{"count":1,"href":"https:\/\/www.fuldaernachrichten.de\/index.php?rest_route=\/wp\/v2\/posts\/97086\/revisions"}],"predecessor-version":[{"id":97363,"href":"https:\/\/www.fuldaernachrichten.de\/index.php?rest_route=\/wp\/v2\/posts\/97086\/revisions\/97363"}],"wp:attachment":[{"href":"https:\/\/www.fuldaernachrichten.de\/index.php?rest_route=%2Fwp%2Fv2%2Fmedia&parent=97086"}],"wp:term":[{"taxonomy":"category","embeddable":true,"href":"https:\/\/www.fuldaernachrichten.de\/index.php?rest_route=%2Fwp%2Fv2%2Fcategories&post=97086"},{"taxonomy":"post_tag","embeddable":true,"href":"https:\/\/www.fuldaernachrichten.de\/index.php?rest_route=%2Fwp%2Fv2%2Ftags&post=97086"}],"curies":[{"name":"wp","href":"https:\/\/api.w.org\/{rel}","templated":true}]}}