{"id":9703,"date":"2008-06-05T08:02:44","date_gmt":"2008-06-05T06:02:44","guid":{"rendered":"http:\/\/www.schoene-nachrichten.de\/?p=9703"},"modified":"2008-06-05T08:02:44","modified_gmt":"2008-06-05T06:02:44","slug":"afrikanischer-kulturabend-im-dompfarrzentrum","status":"publish","type":"post","link":"https:\/\/www.fuldaernachrichten.de\/?p=9703","title":{"rendered":"Afrikanischer Kulturabend im Dompfarrzentrum"},"content":{"rendered":"<p><strong>Fulda.<\/strong> Zu einem Kulturabend im Dompfarrzentrum l\u00e4dt am Freitag, 6. Juni, ab 19.30 Uhr der Verein afrikanischer Studierender in Fulda ein. Zugunsten des St.-Thomas-Hospitals in Mbalmayo (Kamerun) k\u00f6nnen alle Interessierten \u201eAfrika in Fulda\u201c erleben. Neben einer Tombola, bei der ein Flugticket nach Kamerun zu gewinnen ist, und einer Modenschau gibt es einen Vortrag \u00fcber die Handelspolitik zwischen Europa und Afrika von Prof. Dr. Konrad Hillebrand (Hochschule Fulda).<!--more--><\/p>\n<p>Dazu kommen kulinarische K\u00f6stlichkeiten und Musik von Xavier Lagaf, DJ Francis von \u201eLe Farot\u201c (Belgien). Der Eintritt kostet 10 Euro (7 Euro f\u00fcr Studenten, Sch\u00fcler und Auszubildende). Der Kulturabend wird von der unterst\u00fctzt von der Hochschule Fulda, F\u00f6rstina, tegut, Sogeci cosm\u00e9tiques, Dermabella Paris und Easy White Paris. (bpf)<\/p>\n","protected":false},"excerpt":{"rendered":"<div class=\"tmnf_excerpt\"><p>Fulda. Zu einem Kulturabend im Dompfarrzentrum l\u00e4dt am Freitag, 6. Juni, ab 19.30 Uhr der Verein afrikanischer Studierender in Fulda ein. Zugunsten des St.-Thomas-Hospitals in Mbalmayo (Kamerun) k\u00f6nnen alle Interessierten \u201eAfrika in Fulda\u201c erleben. Neben einer Tombola, bei der ein Flugticket nach Kamerun zu gewinnen ist, und einer Modenschau gibt es einen Vortrag \u00fcber die &hellip;<\/p>\n<\/div>","protected":false},"author":1,"featured_media":0,"comment_status":"closed","ping_status":"closed","sticky":false,"template":"","format":"standard","meta":{"footnotes":""},"categories":[1,50],"tags":[],"class_list":["post-9703","post","type-post","status-publish","format-standard","hentry","category-startseite","category-kirche"],"_links":{"self":[{"href":"https:\/\/www.fuldaernachrichten.de\/index.php?rest_route=\/wp\/v2\/posts\/9703","targetHints":{"allow":["GET"]}}],"collection":[{"href":"https:\/\/www.fuldaernachrichten.de\/index.php?rest_route=\/wp\/v2\/posts"}],"about":[{"href":"https:\/\/www.fuldaernachrichten.de\/index.php?rest_route=\/wp\/v2\/types\/post"}],"author":[{"embeddable":true,"href":"https:\/\/www.fuldaernachrichten.de\/index.php?rest_route=\/wp\/v2\/users\/1"}],"replies":[{"embeddable":true,"href":"https:\/\/www.fuldaernachrichten.de\/index.php?rest_route=%2Fwp%2Fv2%2Fcomments&post=9703"}],"version-history":[{"count":0,"href":"https:\/\/www.fuldaernachrichten.de\/index.php?rest_route=\/wp\/v2\/posts\/9703\/revisions"}],"wp:attachment":[{"href":"https:\/\/www.fuldaernachrichten.de\/index.php?rest_route=%2Fwp%2Fv2%2Fmedia&parent=9703"}],"wp:term":[{"taxonomy":"category","embeddable":true,"href":"https:\/\/www.fuldaernachrichten.de\/index.php?rest_route=%2Fwp%2Fv2%2Fcategories&post=9703"},{"taxonomy":"post_tag","embeddable":true,"href":"https:\/\/www.fuldaernachrichten.de\/index.php?rest_route=%2Fwp%2Fv2%2Ftags&post=9703"}],"curies":[{"name":"wp","href":"https:\/\/api.w.org\/{rel}","templated":true}]}}