{"id":9698,"date":"2008-06-02T01:05:25","date_gmt":"2008-06-01T23:05:25","guid":{"rendered":"http:\/\/www.schoene-nachrichten.de\/?p=9698"},"modified":"2008-06-07T11:37:40","modified_gmt":"2008-06-07T09:37:40","slug":"mohrbecker-gewinnen-den-3-lauf-zur-hjs-diesel-rallye-masters-2008","status":"publish","type":"post","link":"https:\/\/www.fuldaernachrichten.de\/?p=9698","title":{"rendered":"Mohr\/Becker gewinnen den 3. Lauf zur &#8220;HJS-Diesel-Rallye-Masters 2008&#8221;"},"content":{"rendered":"<p><a rel=\"lightbox[roadtrip]\" target=\"_blank\" href=\"http:\/\/www.schoene-nachrichten.de\/wp-content\/uploads\/2008\/Marco\/080603_rallye_mohr.jpg\" title=\"Foto: Marco Hellwig\"><img decoding=\"async\" align=\"left\" hspace=\"5\" width=\"128\" src=\"http:\/\/www.schoene-nachrichten.de\/wp-content\/uploads\/2008\/Marco\/080603_rallye_mohr.thumbnail.jpg\" alt=\"Foto: Marco Hellwig\" \/><\/a><strong>Motorsport.<\/strong> Bei ihrem dritten Start in der Diesel-Klasse am vergangenen Wochenende im Saarland, siegten Bj\u00f6rn Mohr und Olli Becker gl\u00fccklich und knapp mit lediglich 0,5 Sekunden vor dem als Favoriten gehandelten Patick Anglade. Der Opel Astra GTC Diesel von Bj\u00f6rn und Olli lief ohne Probleme zuverl\u00e4ssig w\u00e4hrend der gesamten Rallye. <!--more--><\/p>\n<p>Patrick Anglade musste nach einem Ausrutscher, der in einer B\u00f6schung endete, die erlaubte Servicezeit \u00fcbersschreiten, was eine Zeitstrafe zur Folge hatte und ihn den Sieg kostete. Bj\u00f6rn und Olli sowie das gesamte Serviceteam feierten dennoch den gr\u00f6\u00dften Erfolg der beiden ausgiebig. Besonderer Dank gilt den Sponsoren, der Firma Auto-Deppe, der Firma Spezialmaschinen Stehr und f\u00fcr die logistische Unterst\u00fczung im Servicebereich der Firma Bastuck.<\/p>\n","protected":false},"excerpt":{"rendered":"<div class=\"tmnf_excerpt\"><p>Motorsport. Bei ihrem dritten Start in der Diesel-Klasse am vergangenen Wochenende im Saarland, siegten Bj\u00f6rn Mohr und Olli Becker gl\u00fccklich und knapp mit lediglich 0,5 Sekunden vor dem als Favoriten gehandelten Patick Anglade. Der Opel Astra GTC Diesel von Bj\u00f6rn und Olli lief ohne Probleme zuverl\u00e4ssig w\u00e4hrend der gesamten Rallye.<\/p>\n<\/div>","protected":false},"author":1,"featured_media":0,"comment_status":"closed","ping_status":"closed","sticky":false,"template":"","format":"standard","meta":{"footnotes":""},"categories":[1,35,72,46],"tags":[],"class_list":["post-9698","post","type-post","status-publish","format-standard","hentry","category-startseite","category-auto","category-jugend","category-sport"],"_links":{"self":[{"href":"https:\/\/www.fuldaernachrichten.de\/index.php?rest_route=\/wp\/v2\/posts\/9698","targetHints":{"allow":["GET"]}}],"collection":[{"href":"https:\/\/www.fuldaernachrichten.de\/index.php?rest_route=\/wp\/v2\/posts"}],"about":[{"href":"https:\/\/www.fuldaernachrichten.de\/index.php?rest_route=\/wp\/v2\/types\/post"}],"author":[{"embeddable":true,"href":"https:\/\/www.fuldaernachrichten.de\/index.php?rest_route=\/wp\/v2\/users\/1"}],"replies":[{"embeddable":true,"href":"https:\/\/www.fuldaernachrichten.de\/index.php?rest_route=%2Fwp%2Fv2%2Fcomments&post=9698"}],"version-history":[{"count":0,"href":"https:\/\/www.fuldaernachrichten.de\/index.php?rest_route=\/wp\/v2\/posts\/9698\/revisions"}],"wp:attachment":[{"href":"https:\/\/www.fuldaernachrichten.de\/index.php?rest_route=%2Fwp%2Fv2%2Fmedia&parent=9698"}],"wp:term":[{"taxonomy":"category","embeddable":true,"href":"https:\/\/www.fuldaernachrichten.de\/index.php?rest_route=%2Fwp%2Fv2%2Fcategories&post=9698"},{"taxonomy":"post_tag","embeddable":true,"href":"https:\/\/www.fuldaernachrichten.de\/index.php?rest_route=%2Fwp%2Fv2%2Ftags&post=9698"}],"curies":[{"name":"wp","href":"https:\/\/api.w.org\/{rel}","templated":true}]}}