{"id":96905,"date":"2012-04-06T00:20:13","date_gmt":"2012-04-06T00:20:13","guid":{"rendered":"http:\/\/www.fuldaer-nachrichten.de\/?p=96905"},"modified":"2012-04-06T10:17:32","modified_gmt":"2012-04-06T10:17:32","slug":"generationswechsel-in-kerzell-frauen-power-an-der-spitze-des-feuerwehrvereins","status":"publish","type":"post","link":"https:\/\/www.fuldaernachrichten.de\/?p=96905","title":{"rendered":"Generationswechsel in Kerzell \u2013 Frauen-Power an der Spitze des Feuerwehrvereins"},"content":{"rendered":"<p><a href=\"http:\/\/www.fuldaer-nachrichten.de\/wp-content\/uploads\/2012\/04\/01.jpg\"><img decoding=\"async\" class=\"alignleft size-thumbnail wp-image-96906\" title=\"01\" src=\"http:\/\/www.fuldaer-nachrichten.de\/wp-content\/uploads\/2012\/04\/01-265x176.jpg\" alt=\"\" width=\"265\" height=\"176\" srcset=\"https:\/\/www.fuldaernachrichten.de\/wp-content\/uploads\/2012\/04\/01-265x176.jpg 265w, https:\/\/www.fuldaernachrichten.de\/wp-content\/uploads\/2012\/04\/01.jpg 600w\" sizes=\"(max-width: 265px) 100vw, 265px\" \/><\/a>Kerzell. Positive Bilanzen f\u00fcr alle Abteilungen konnten die Verantwortlichen der Feuerwehr Kerzell anl\u00e4sslich der Jahreshauptversammlung ziehen. Zeugte der Bericht des 1. Vorsitzenden Reiner Seifert mit einem Vereinsausflug nach Bad Hersfeld und Point Alpha, dem Spritzenhausfest und der Durchf\u00fchrung des Hutzelfeuers doch von einem regen Vereinsleben, so zog Seifert zum Ende seines Berichts auch ein positives R\u00e9sum\u00e9 aus einem viertel Jahrhundert an der Spitze des Feuerwehrvereins. Nach 10 Jahren als Jugendwart und anschlie\u00dfend 25 Jahren als Vorsitzender wolle er nunmehr sein Amt zur Verf\u00fcgung stellen, um j\u00fcngeren Kameradinnen und Kameraden die F\u00fchrung des Vereins zu \u00fcberlassen, damit diese k\u00fcnftig eventuell neue Ideen verwirklichen k\u00f6nnen. Seifert w\u00fcnschte sich, dass die gute Harmonie im Verein auch in Zukunft erhalten bleibt.<!--more--><\/p>\n<p>Von elf Eins\u00e4tzen im vergangenen Jahr berichtete Wehrf\u00fchrer Peter Weingartner. Mit vier Br\u00e4nden und sieben Hilfeleistungen f\u00fcr seine 22 Einsatzkr\u00e4fte spiegele sich auch in Kerzell der Trend hin zu mehr Hilfeleistungseins\u00e4tzen wider. Um sich weiterzubilden, besuchten die Kameradinnen und Kameraden f\u00fcnf Lehrg\u00e4nge auf Kreis- und Landesebene.<\/p>\n<p>Auch Jugendfeuerwehrwart Jan Diegelmann war mit seinen zehn Jugendlichen in letzten Jahr sehr aktiv. Neben der Beteiligung an der Osterputzaktion, am Zeltlager der Kreisjugendfeuerwehr in Burghaun, dem Gemeindejugendfeuerwehrtag und dem Tischtennisturnier, erhielten die drei M\u00e4dchen und sieben Jungen 30 Stunden feuerwehrtechnischen Unterricht.<\/p>\n<p>Mit den Neuwahlen zur Besetzung der Vorstandschaft wurde bei der Feuerwehr Kerzell ein Generationswechsel vollzogen. Sowohl an der Spitze des Feuerwehrvereins, wie auch bei der Einsatzabteilung traten verdiente Personen ab. In jeweils einstimmigen Wahlen wurden Gabriele Heil zur ersten und Violetta Gierczak zur zweiten Vorsitzenden gew\u00e4hlt. Nach 18 Jahren als Jugendfeuerwehrwart r\u00fcckt Jan Diegelmann nun an die Stelle des Wehrf\u00fchrers.\u00c2\u00a0 Somit kommt es nun auch in der Einsatzabteilung zum Umbruch. Ihm steht k\u00fcnftig Christian Weingartner als stellvertretender Wehrf\u00fchrer zur Seite. Weiterhin wurden Torsten B\u00f6hm zum Kassenwart und Josef Agricola zum Ger\u00e4tewart gew\u00e4hlt. Neuer Jugendfeuerwehrwart ist Felix Heil. Das Amt des Schriftf\u00fchrers bekleidet k\u00fcnftig Reiner Seifert, zu seinem Vertreter wurde Florian Wess gew\u00e4hlt. Ulrich Gebauer, Klaus Plappert und Edgar Wess sind k\u00fcnftig Beisitzer. Gemeindebrandinspektor Martin Fischer konnte Felix Heil zum Feuerwehrmann und Christian Weingartner zum Oberfeuerwehrmann bef\u00f6rdern.<\/p>\n<p>Torsten B\u00f6hm und Torsten Deigm\u00fcller wurden f\u00fcr ihre 25-j\u00e4hrige Vereinsmitgliedschaft geehrt. Egon Heil wurde f\u00fcr seine 50-j\u00e4hrige Mitgliedschaft mit der goldenen Ehrennadel des kurhessisch-waldeckschen Feuerwehrverbandes ausgezeichnet. Ebenso wurde Ewald M\u00f6ller f\u00fcr seine 60-j\u00e4hrige Mitgliedschaft in der Feuerwehr Kerzell geehrt. Nach Vorstandsbeschluss wurde Reiner Seifert im Rahmen der Versammlung zum Ehrenvorsitzenden ernannt. In 25 Jahren als Vorsitzender war ihm die F\u00f6rderung der Jugend stets ein besonderes Anliegen. W\u00e4hrend er es verstand, Br\u00fccken zu anderen Vereinen zu bauen, so entwickelte sich unter seiner F\u00fchrung auch ein reges Vereinsleben. Friedrich Agricola, nach seiner T\u00e4tigkeit als Jugendfeuerwehrwart, 24 Jahre lang Wehrf\u00fchrer in Kerzell, wurde zum Ehrenmitglied ernannt.<\/p>\n<p>B\u00fcrgermeister Dieter Kolb brachte in seinen Gru\u00dfworten die Freude \u00fcber das neue, junge F\u00fchrungsteam zum Ausdruck. Er dankte auch den ehemaligen W\u00fcrdentr\u00e4gern f\u00fcr ihre langj\u00e4hrige gute Arbeit im Sinne der Gemeinschaft und im Dienst der Mitb\u00fcrgerinnen und Mitb\u00fcrger. Auch Gemeindebrandinspektor w\u00fcnschte der neuen F\u00fchrungsriege eine gl\u00fcckliche Hand f\u00fcr die k\u00fcnftigen Aufgaben. Ortsvorsteher Horst Hainer dankte dem bisherigen Vorstand im Namen der B\u00fcrgerschaft f\u00fcr ihre langj\u00e4hrige erfolgreiche Arbeit.<\/p>\n<p>Zum Foto: Ortsvorsteher Horst Hainer,\u00c2\u00a0 Wehrf\u00fchrer Jan Diegelmann, Stellv. Wehrf\u00fchrer Christian Weingartner, 1. Vorsitzende Gaby Heil, Schriftf\u00fchrer Reiner Seifert, 2. Vorsitzende Violetta Gierczak\u00c2\u00a0 , Ger\u00e4tewart Josef Agricola, Jugendfeuerwehrwart Felix Heil, Kassenwart Thorsten B\u00f6hm, Gemeindebrandinspektor Martin Fischer, B\u00fcrgermeister Dieter Kolb<\/p>\n","protected":false},"excerpt":{"rendered":"<div class=\"tmnf_excerpt\"><p>Kerzell. Positive Bilanzen f\u00fcr alle Abteilungen konnten die Verantwortlichen der Feuerwehr Kerzell anl\u00e4sslich der Jahreshauptversammlung ziehen. Zeugte der Bericht des 1. Vorsitzenden Reiner Seifert mit einem Vereinsausflug nach Bad Hersfeld und Point Alpha, dem Spritzenhausfest und der Durchf\u00fchrung des Hutzelfeuers doch von einem regen Vereinsleben, so zog Seifert zum Ende seines Berichts auch ein positives &hellip;<\/p>\n<\/div>","protected":false},"author":1,"featured_media":0,"comment_status":"closed","ping_status":"closed","sticky":false,"template":"","format":"standard","meta":{"footnotes":""},"categories":[1,71],"tags":[],"class_list":["post-96905","post","type-post","status-publish","format-standard","hentry","category-startseite","category-feuerwehr"],"_links":{"self":[{"href":"https:\/\/www.fuldaernachrichten.de\/index.php?rest_route=\/wp\/v2\/posts\/96905","targetHints":{"allow":["GET"]}}],"collection":[{"href":"https:\/\/www.fuldaernachrichten.de\/index.php?rest_route=\/wp\/v2\/posts"}],"about":[{"href":"https:\/\/www.fuldaernachrichten.de\/index.php?rest_route=\/wp\/v2\/types\/post"}],"author":[{"embeddable":true,"href":"https:\/\/www.fuldaernachrichten.de\/index.php?rest_route=\/wp\/v2\/users\/1"}],"replies":[{"embeddable":true,"href":"https:\/\/www.fuldaernachrichten.de\/index.php?rest_route=%2Fwp%2Fv2%2Fcomments&post=96905"}],"version-history":[{"count":0,"href":"https:\/\/www.fuldaernachrichten.de\/index.php?rest_route=\/wp\/v2\/posts\/96905\/revisions"}],"wp:attachment":[{"href":"https:\/\/www.fuldaernachrichten.de\/index.php?rest_route=%2Fwp%2Fv2%2Fmedia&parent=96905"}],"wp:term":[{"taxonomy":"category","embeddable":true,"href":"https:\/\/www.fuldaernachrichten.de\/index.php?rest_route=%2Fwp%2Fv2%2Fcategories&post=96905"},{"taxonomy":"post_tag","embeddable":true,"href":"https:\/\/www.fuldaernachrichten.de\/index.php?rest_route=%2Fwp%2Fv2%2Ftags&post=96905"}],"curies":[{"name":"wp","href":"https:\/\/api.w.org\/{rel}","templated":true}]}}