{"id":96885,"date":"2012-04-05T00:10:40","date_gmt":"2012-04-05T00:10:40","guid":{"rendered":"http:\/\/www.fuldaer-nachrichten.de\/?p=96885"},"modified":"2012-04-04T09:05:34","modified_gmt":"2012-04-04T09:05:34","slug":"rauchmelder-in-immer-mehr-bundeslandern-pflicht","status":"publish","type":"post","link":"https:\/\/www.fuldaernachrichten.de\/?p=96885","title":{"rendered":"Rauchmelder in immer mehr Bundesl\u00e4ndern Pflicht"},"content":{"rendered":"<p>Berlin. Immer mehr Bundesl\u00e4nder machen Rauchwarnmelder in Wohnr\u00e4umen zur Pflicht \u2013 trotzdem kommen j\u00e4hrlich noch knapp 350 Menschen bei einem Brand in einer Privatwohnung ums Leben. Der bundesweite Rauchmeldertag am Freitag, 13. April 2012, will daher mehr Aufmerksamkeit f\u00fcr die kleinen Lebensretter wecken. An der Veranstaltung der Kampagne \u201eRauchmelder retten Leben\u201c beteiligen sich unter anderem Feuerwehren, Schornsteinfeger und Versicherer mit Aktionen und Informationen vor Ort. <!--more--><br \/>\nAktuell gibt es in neun Bundesl\u00e4ndern eine Rauchmelderpflicht in Neu- und Umbauten sowie teils auch in Bestandsbauten: Bremen, Hamburg, Hessen, Mecklenburg-Vorpommern, Rheinland-Pfalz, Saarland, Sachsen-Anhalt, Schleswig-Holstein, Th\u00fcringen. Hier sind in Kinder- und Schlafzimmern sowie Fluren, die als Rettungswege dienen, Rauchwarnmelder vorgeschrieben. Die Nachr\u00fcstfristen unterscheiden sich; eine \u00dcbersicht gibt es online unter www.rauchmelder-lebensretter.de.<\/p>\n<p>Die k\u00fcrzlich verabschiedete Nieders\u00e4chsische Bauordnung sieht eine Rauchmelderpflicht ab 1. November 2012 vor. Bei der anstehenden Novellierung der Landesbauordnung in Nordrhein-Westfalen soll auch eine Verpflichtung zum Einbau von Rauchmeldern eingef\u00fcgt werden. In Bayern sprechen sich der Landesfeuerwehrverband (LFV), der Werkfeuerwehrverband und die Arbeitsgemeinschaft der Leiter der Berufsfeuerwehren (AGBF) Bayerns gemeinsam f\u00fcr die Einf\u00fchrung einer Rauchmelderpflicht aus; anl\u00e4sslich des Rauchmeldertages \u00fcberreichen sie dem bayrischen Staatsminister des Innern ein entsprechendes Positionspapier.<\/p>\n<p>In diesem Jahr weist der Rauchmeldertag unter dem Motto \u201eAuch Sp\u00fcrnasen riechen keinen Rauch im Schlaf!\u201c besonders auf die Gefahr eines Brandes in der Nacht hin: Ein schlafender Mensch wird nicht durch Rauch geweckt. Rauchmelder schaffen hier Abhilfe, indem sie mit durchdringendem Alarmton warnen. Au\u00dfer Plakaten der Aktion gibt es unter www.rauchmelder-lebensretter.de auch einen Zeichentrickfilm mit dem Titel \u201eWie Herr Riecher lernte, Rauchmelder zu lieben!\u201c, der auf Websites eingebunden werden kann.<\/p>\n<p>Rauchwarnmelder werden als Baustein f\u00fcr ein sicheres Zuhause vom Deutschen Feuerwehrverband uneingeschr\u00e4nkt empfohlen. F\u00fcr einen Mindestschutz gilt als Faustregel: Ein Rauchmelder im Flur pro Etage sowie in den Schlafzimmern \u2013 vor allem im Kinderzimmer!<\/p>\n<p>Die handlichen Ger\u00e4te lassen sich auch ohne handwerkliches Geschick an der Zimmerdecke montieren. Erwerben kann man sie im Fachhandel, in Baum\u00e4rkten oder auch im Internet unter www.feuerwehrversand.de.<\/p>\n","protected":false},"excerpt":{"rendered":"<div class=\"tmnf_excerpt\"><p>Berlin. Immer mehr Bundesl\u00e4nder machen Rauchwarnmelder in Wohnr\u00e4umen zur Pflicht \u2013 trotzdem kommen j\u00e4hrlich noch knapp 350 Menschen bei einem Brand in einer Privatwohnung ums Leben. Der bundesweite Rauchmeldertag am Freitag, 13. April 2012, will daher mehr Aufmerksamkeit f\u00fcr die kleinen Lebensretter wecken. An der Veranstaltung der Kampagne \u201eRauchmelder retten Leben\u201c beteiligen sich unter anderem &hellip;<\/p>\n<\/div>","protected":false},"author":1,"featured_media":0,"comment_status":"closed","ping_status":"closed","sticky":false,"template":"","format":"standard","meta":{"footnotes":""},"categories":[1,71],"tags":[],"class_list":["post-96885","post","type-post","status-publish","format-standard","hentry","category-startseite","category-feuerwehr"],"_links":{"self":[{"href":"https:\/\/www.fuldaernachrichten.de\/index.php?rest_route=\/wp\/v2\/posts\/96885","targetHints":{"allow":["GET"]}}],"collection":[{"href":"https:\/\/www.fuldaernachrichten.de\/index.php?rest_route=\/wp\/v2\/posts"}],"about":[{"href":"https:\/\/www.fuldaernachrichten.de\/index.php?rest_route=\/wp\/v2\/types\/post"}],"author":[{"embeddable":true,"href":"https:\/\/www.fuldaernachrichten.de\/index.php?rest_route=\/wp\/v2\/users\/1"}],"replies":[{"embeddable":true,"href":"https:\/\/www.fuldaernachrichten.de\/index.php?rest_route=%2Fwp%2Fv2%2Fcomments&post=96885"}],"version-history":[{"count":0,"href":"https:\/\/www.fuldaernachrichten.de\/index.php?rest_route=\/wp\/v2\/posts\/96885\/revisions"}],"wp:attachment":[{"href":"https:\/\/www.fuldaernachrichten.de\/index.php?rest_route=%2Fwp%2Fv2%2Fmedia&parent=96885"}],"wp:term":[{"taxonomy":"category","embeddable":true,"href":"https:\/\/www.fuldaernachrichten.de\/index.php?rest_route=%2Fwp%2Fv2%2Fcategories&post=96885"},{"taxonomy":"post_tag","embeddable":true,"href":"https:\/\/www.fuldaernachrichten.de\/index.php?rest_route=%2Fwp%2Fv2%2Ftags&post=96885"}],"curies":[{"name":"wp","href":"https:\/\/api.w.org\/{rel}","templated":true}]}}