{"id":96847,"date":"2012-04-04T00:20:23","date_gmt":"2012-04-04T00:20:23","guid":{"rendered":"http:\/\/www.fuldaer-nachrichten.de\/?p=96847"},"modified":"2012-04-03T16:44:46","modified_gmt":"2012-04-03T16:44:46","slug":"ausstellungseroffnung-im-tumpelgarten-ostereiersuche-fur-die-kleinen-gaste-2","status":"publish","type":"post","link":"https:\/\/www.fuldaernachrichten.de\/?p=96847","title":{"rendered":"Ausstellungser\u00f6ffnung im T\u00fcmpelgarten &#8211; Ostereiersuche f\u00fcr die kleinen G\u00e4ste"},"content":{"rendered":"<p><a href=\"http:\/\/www.fuldaer-nachrichten.de\/wp-content\/uploads\/2012\/04\/Clownfisch-Nemo.jpg\"><img decoding=\"async\" class=\"alignleft size-thumbnail wp-image-96851\" title=\"Clownfisch-(Nemo)\" src=\"http:\/\/www.fuldaer-nachrichten.de\/wp-content\/uploads\/2012\/04\/Clownfisch-Nemo-265x176.jpg\" alt=\"\" width=\"265\" height=\"176\" srcset=\"https:\/\/www.fuldaernachrichten.de\/wp-content\/uploads\/2012\/04\/Clownfisch-Nemo-265x176.jpg 265w, https:\/\/www.fuldaernachrichten.de\/wp-content\/uploads\/2012\/04\/Clownfisch-Nemo.jpg 592w\" sizes=\"(max-width: 265px) 100vw, 265px\" \/><\/a>Fulda. Es ist mal wieder soweit. Inzwischen hat der Fr\u00fchling in Fulda Einzug gehalten. Auch der T\u00fcmpelgarten lag monatelang im tiefen Winterschlaf. Doch die Zeit der Ruhe ist vorbei. Ab Karfreitag \u00f6ffnet der Aquarien- und Terrarienverein \u201eScalare\u201c seine Pforten f\u00fcr die \u00d6ffentlichkeit. Bis weit in den Herbst kann jetzt wieder jedermann sonn- und feiertags das gro\u00dfe Vereinsgel\u00e4nde mit seiner auch \u00fcberregional bekannten Ausstellung in der Zeit von 10-18 Uhr besuchen. Am Ostermontag sind alle kleinen G\u00e4ste herzlich ab 14.00 Uhr zur Ostereiersuche auf dem Vereinsgel\u00e4nde eingeladen.<!--more--><\/p>\n<p>Wie jedes Jahr gibt es auch in der neuen Saison wieder eine Reihe von Neuerungen, die einen Ausflug zum Vereinsgel\u00e4nde an der Maberzeller Stra\u00dfe lohnenswert machen. In eine Reihe von Becken und Terrarien sind neue Bewohner eingezogen. Nat\u00fcrlich freuen sich auch Clara und Willi, die beiden stattlichen Kubakrokodile, nach der Winterpause wieder auf Besuch. Schildkr\u00f6ten, Fische, Schlangen und vieles andere exotische Getier aus allen Kontinenten pr\u00e4sentieren sich ebenfalls dem interessierten Betrachter.<\/p>\n<p><a href=\"http:\/\/www.fuldaer-nachrichten.de\/wp-content\/uploads\/2012\/04\/Kubakrokodil.jpg\"><img decoding=\"async\" class=\"alignnone size-thumbnail wp-image-96849\" title=\"Kubakrokodil\" src=\"http:\/\/www.fuldaer-nachrichten.de\/wp-content\/uploads\/2012\/04\/Kubakrokodil-265x176.jpg\" alt=\"\" width=\"265\" height=\"176\" srcset=\"https:\/\/www.fuldaernachrichten.de\/wp-content\/uploads\/2012\/04\/Kubakrokodil-265x176.jpg 265w, https:\/\/www.fuldaernachrichten.de\/wp-content\/uploads\/2012\/04\/Kubakrokodil.jpg 592w\" sizes=\"(max-width: 265px) 100vw, 265px\" \/><\/a> <a href=\"http:\/\/www.fuldaer-nachrichten.de\/wp-content\/uploads\/2012\/04\/Kakadubuntbarsch.jpg\"><img decoding=\"async\" class=\"alignnone  wp-image-96848\" title=\"Kakadubuntbarsch\" src=\"http:\/\/www.fuldaer-nachrichten.de\/wp-content\/uploads\/2012\/04\/Kakadubuntbarsch-265x199.jpg\" alt=\"\" width=\"233\" height=\"175\" srcset=\"https:\/\/www.fuldaernachrichten.de\/wp-content\/uploads\/2012\/04\/Kakadubuntbarsch-265x199.jpg 265w, https:\/\/www.fuldaernachrichten.de\/wp-content\/uploads\/2012\/04\/Kakadubuntbarsch.jpg 592w\" sizes=\"(max-width: 233px) 100vw, 233px\" \/><\/a><\/p>\n<p>Dass der T\u00fcmpelgarten immer einen Ausflug wert ist, hat sich inzwischen herumgesprochen, denn bei jedem Wetter bieten die weitl\u00e4ufigen \u00d6rtlichkeiten mit den \u00fcber 40 Freigehegen, Beh\u00e4ltern und Becken ein hohes Ma\u00df an Ruhe und Erholung. Auch Kinder sind gern gesehene G\u00e4ste, ob mit Eltern und\/oder Gro\u00dfeltern. Ein Osterspaziergang zum T\u00fcmpelgarten bietet Abwechslung und interessanten Gespr\u00e4chsstoff f\u00fcr die ganze Familie. Parkpl\u00e4tze sind in ausreichender Menge sowohl auf dem Vereinsgel\u00e4nde als auch in unmittelbarer N\u00e4he vorhanden. Auch mit dem Fahrrad ist die Ausstellung bequem zu erreichen, denn direkt an der Fulda, quasi unter der Horaser Eisenbahnbr\u00fccke ist der Hintereingang zum Vereinsgel\u00e4nde. Das Ausstellungsgeb\u00e4ude mit seinen subtropischen Temperaturen sowie seiner Dschungelatmosph\u00e4re l\u00e4sst auch bei den in den Osterferien Daheimgebliebenen Urlaubsgef\u00fchle aufkeimen.<\/p>\n<p><a href=\"http:\/\/www.fuldaer-nachrichten.de\/wp-content\/uploads\/2012\/04\/Palettendoktorfisch-Dori.jpg\"><img loading=\"lazy\" decoding=\"async\" class=\"alignleft size-thumbnail wp-image-96850\" title=\"Palettendoktorfisch-(Dori)\" src=\"http:\/\/www.fuldaer-nachrichten.de\/wp-content\/uploads\/2012\/04\/Palettendoktorfisch-Dori-265x177.jpg\" alt=\"\" width=\"265\" height=\"177\" srcset=\"https:\/\/www.fuldaernachrichten.de\/wp-content\/uploads\/2012\/04\/Palettendoktorfisch-Dori-265x177.jpg 265w, https:\/\/www.fuldaernachrichten.de\/wp-content\/uploads\/2012\/04\/Palettendoktorfisch-Dori.jpg 592w\" sizes=\"(max-width: 265px) 100vw, 265px\" \/><\/a>Wer nicht so lange warten will kann auch der ganz neu gestalteten Homepage des Vereins einen Besuch abstatten. Klicken Sie sich doch einmal rein unter <a href=\"http:\/\/www.scalare-fulda.de\/\">www.scalare-fulda.de<\/a><\/p>\n","protected":false},"excerpt":{"rendered":"<div class=\"tmnf_excerpt\"><p>Fulda. Es ist mal wieder soweit. Inzwischen hat der Fr\u00fchling in Fulda Einzug gehalten. Auch der T\u00fcmpelgarten lag monatelang im tiefen Winterschlaf. Doch die Zeit der Ruhe ist vorbei. Ab Karfreitag \u00f6ffnet der Aquarien- und Terrarienverein \u201eScalare\u201c seine Pforten f\u00fcr die \u00d6ffentlichkeit. Bis weit in den Herbst kann jetzt wieder jedermann sonn- und feiertags das &hellip;<\/p>\n<\/div>","protected":false},"author":1,"featured_media":0,"comment_status":"closed","ping_status":"closed","sticky":false,"template":"","format":"standard","meta":{"footnotes":""},"categories":[1,44,52],"tags":[],"class_list":["post-96847","post","type-post","status-publish","format-standard","hentry","category-startseite","category-kultur","category-umwelt"],"_links":{"self":[{"href":"https:\/\/www.fuldaernachrichten.de\/index.php?rest_route=\/wp\/v2\/posts\/96847","targetHints":{"allow":["GET"]}}],"collection":[{"href":"https:\/\/www.fuldaernachrichten.de\/index.php?rest_route=\/wp\/v2\/posts"}],"about":[{"href":"https:\/\/www.fuldaernachrichten.de\/index.php?rest_route=\/wp\/v2\/types\/post"}],"author":[{"embeddable":true,"href":"https:\/\/www.fuldaernachrichten.de\/index.php?rest_route=\/wp\/v2\/users\/1"}],"replies":[{"embeddable":true,"href":"https:\/\/www.fuldaernachrichten.de\/index.php?rest_route=%2Fwp%2Fv2%2Fcomments&post=96847"}],"version-history":[{"count":0,"href":"https:\/\/www.fuldaernachrichten.de\/index.php?rest_route=\/wp\/v2\/posts\/96847\/revisions"}],"wp:attachment":[{"href":"https:\/\/www.fuldaernachrichten.de\/index.php?rest_route=%2Fwp%2Fv2%2Fmedia&parent=96847"}],"wp:term":[{"taxonomy":"category","embeddable":true,"href":"https:\/\/www.fuldaernachrichten.de\/index.php?rest_route=%2Fwp%2Fv2%2Fcategories&post=96847"},{"taxonomy":"post_tag","embeddable":true,"href":"https:\/\/www.fuldaernachrichten.de\/index.php?rest_route=%2Fwp%2Fv2%2Ftags&post=96847"}],"curies":[{"name":"wp","href":"https:\/\/api.w.org\/{rel}","templated":true}]}}