{"id":96781,"date":"2012-04-02T00:13:37","date_gmt":"2012-04-02T00:13:37","guid":{"rendered":"http:\/\/www.fuldaer-nachrichten.de\/?p=96781"},"modified":"2012-04-03T12:09:41","modified_gmt":"2012-04-03T12:09:41","slug":"keltenwanderung-am-08-04-2012-in-hofbieber","status":"publish","type":"post","link":"https:\/\/www.fuldaernachrichten.de\/?p=96781","title":{"rendered":"Keltenwanderung am 07.04.2012 in Hofbieber"},"content":{"rendered":"<p>Hofbieber. Die Tourist-Information Hofbieber bietet am Karsamstag, dem 07.04.2012 um 20:30 Uhr eine Keltenwanderung an der Milseburg an. Auf dem Weg erfahren Sie allerhand \u00fcber den Aufstieg und Niedergang der Kelten im Allgemeinen, ihre Lebensweise an der Milseburg und \u00fcber die Besiedlungsgeschichte der Rh\u00f6n. Der erste Fr\u00fchlingsvollmond wird diese informative F\u00fchrung mit seinem sanften Licht begleiten. Festes Schuhwerk ist erforderlich. Kosten: 4 \u00e2\u201a\u00ac \/ 2 \u00e2\u201a\u00ac. Treffpunkt: Bushaltestelle Danzwiesen. Weitere Informationen: Tourist-Information Hofbieber 06657 \u2013 987412 oder direkt unter 0160 653 7171.<\/p>\n","protected":false},"excerpt":{"rendered":"<div class=\"tmnf_excerpt\"><p>Hofbieber. Die Tourist-Information Hofbieber bietet am Karsamstag, dem 07.04.2012 um 20:30 Uhr eine Keltenwanderung an der Milseburg an. Auf dem Weg erfahren Sie allerhand \u00fcber den Aufstieg und Niedergang der Kelten im Allgemeinen, ihre Lebensweise an der Milseburg und \u00fcber die Besiedlungsgeschichte der Rh\u00f6n. Der erste Fr\u00fchlingsvollmond wird diese informative F\u00fchrung mit seinem sanften Licht &hellip;<\/p>\n<\/div>","protected":false},"author":1,"featured_media":0,"comment_status":"closed","ping_status":"closed","sticky":false,"template":"","format":"standard","meta":{"footnotes":""},"categories":[1,44],"tags":[],"class_list":["post-96781","post","type-post","status-publish","format-standard","hentry","category-startseite","category-kultur"],"_links":{"self":[{"href":"https:\/\/www.fuldaernachrichten.de\/index.php?rest_route=\/wp\/v2\/posts\/96781","targetHints":{"allow":["GET"]}}],"collection":[{"href":"https:\/\/www.fuldaernachrichten.de\/index.php?rest_route=\/wp\/v2\/posts"}],"about":[{"href":"https:\/\/www.fuldaernachrichten.de\/index.php?rest_route=\/wp\/v2\/types\/post"}],"author":[{"embeddable":true,"href":"https:\/\/www.fuldaernachrichten.de\/index.php?rest_route=\/wp\/v2\/users\/1"}],"replies":[{"embeddable":true,"href":"https:\/\/www.fuldaernachrichten.de\/index.php?rest_route=%2Fwp%2Fv2%2Fcomments&post=96781"}],"version-history":[{"count":1,"href":"https:\/\/www.fuldaernachrichten.de\/index.php?rest_route=\/wp\/v2\/posts\/96781\/revisions"}],"predecessor-version":[{"id":96846,"href":"https:\/\/www.fuldaernachrichten.de\/index.php?rest_route=\/wp\/v2\/posts\/96781\/revisions\/96846"}],"wp:attachment":[{"href":"https:\/\/www.fuldaernachrichten.de\/index.php?rest_route=%2Fwp%2Fv2%2Fmedia&parent=96781"}],"wp:term":[{"taxonomy":"category","embeddable":true,"href":"https:\/\/www.fuldaernachrichten.de\/index.php?rest_route=%2Fwp%2Fv2%2Fcategories&post=96781"},{"taxonomy":"post_tag","embeddable":true,"href":"https:\/\/www.fuldaernachrichten.de\/index.php?rest_route=%2Fwp%2Fv2%2Ftags&post=96781"}],"curies":[{"name":"wp","href":"https:\/\/api.w.org\/{rel}","templated":true}]}}