{"id":96778,"date":"2012-04-02T00:11:07","date_gmt":"2012-04-02T00:11:07","guid":{"rendered":"http:\/\/www.fuldaer-nachrichten.de\/?p=96778"},"modified":"2012-04-02T07:42:23","modified_gmt":"2012-04-02T07:42:23","slug":"deutsches-tanzsportabzeichen-dtsa-bei-den-tanz-freunden-fulda","status":"publish","type":"post","link":"https:\/\/www.fuldaernachrichten.de\/?p=96778","title":{"rendered":"Deutsches Tanzsportabzeichen (DTSA) bei den Tanz-Freunden Fulda"},"content":{"rendered":"<p><strong><a href=\"http:\/\/www.fuldaer-nachrichten.de\/wp-content\/uploads\/2012\/04\/DSC04179-1.jpg\"><img decoding=\"async\" class=\"alignleft size-thumbnail wp-image-96779\" title=\"DSC04179-1\" src=\"http:\/\/www.fuldaer-nachrichten.de\/wp-content\/uploads\/2012\/04\/DSC04179-1-265x136.jpg\" alt=\"\" width=\"265\" height=\"136\" srcset=\"https:\/\/www.fuldaernachrichten.de\/wp-content\/uploads\/2012\/04\/DSC04179-1-265x136.jpg 265w, https:\/\/www.fuldaernachrichten.de\/wp-content\/uploads\/2012\/04\/DSC04179-1.jpg 600w\" sizes=\"(max-width: 265px) 100vw, 265px\" \/><\/a>Fulda\/H\u00fcnfeld (brg)<\/strong>\u00c2\u00a0 Wieder ein Erfolg war die Abnahme des Deutschen Tanzsportabzeichens der Tanz-Freunde Fulda in der Stadthalle in H\u00fcnfeld, die zum 27. Male in Folge ausgerichtete wurde. Unter der Leitung des 1. Vorsitzenden Utz Krebel und angefeuert durch zahlreiche Zuschauer aus den neuen Einsteigerkursen, die in diesem Jahr das begehrte Abzeichen noch nicht ablegen wollten, stellten sich 54 Tanz-Freunde aus den \u00dcbungsgruppen Fulda, H\u00fcnfeld, Hofbieber und der Jugendgruppe in turnier\u00e4hnlicher Atmosph\u00e4re dieser Herausforderung.<!--more--><\/p>\n<p>Unter den kritischen Augen der Wertungsrichter Ulrike Burger (TC Blau-Orange Wiesbaden), Anton David (Gr\u00fcn Gold TSC Dreieich) und Sigrid David (TC Blau-Gold Langen) zeigten die Pr\u00fcflinge, trotz Nervosit\u00e4t und Lampenfieber, je nach Abnahmestufe drei bis f\u00fcnf Standard- bzw. Lateint\u00e4nze ihrer Wahl. Dabei wurden besonders Takt, Tanzhaltung und Fu\u00dfarbeit bewertet. Dank der guten Trainingsarbeit und Vorbereitung durch die Trainer Utz Krebel und Dirk Andr\u00e4 bew\u00e4ltigten alle T\u00e4nzerinnen und T\u00e4nzer die gestellten Aufgaben und bestanden die Pr\u00fcfung: sechs Erstableger erhielten das Leistungsabzeichen in Bronze, 15 Teilnehmer in Silber, 15 T\u00e4nzerinnen und T\u00e4nzer in Gold und zehn in Gold mit Kranz. Acht weiter begeisterte Tanz-Freunde ertanzten sich dieses Jahr Gold mit Kranz und der Zahl 16 bzw. 18.<\/p>\n","protected":false},"excerpt":{"rendered":"<div class=\"tmnf_excerpt\"><p>Fulda\/H\u00fcnfeld (brg)\u00c2\u00a0 Wieder ein Erfolg war die Abnahme des Deutschen Tanzsportabzeichens der Tanz-Freunde Fulda in der Stadthalle in H\u00fcnfeld, die zum 27. Male in Folge ausgerichtete wurde. Unter der Leitung des 1. Vorsitzenden Utz Krebel und angefeuert durch zahlreiche Zuschauer aus den neuen Einsteigerkursen, die in diesem Jahr das begehrte Abzeichen noch nicht ablegen wollten, &hellip;<\/p>\n<\/div>","protected":false},"author":1,"featured_media":0,"comment_status":"closed","ping_status":"closed","sticky":false,"template":"","format":"standard","meta":{"footnotes":""},"categories":[1,44],"tags":[],"class_list":["post-96778","post","type-post","status-publish","format-standard","hentry","category-startseite","category-kultur"],"_links":{"self":[{"href":"https:\/\/www.fuldaernachrichten.de\/index.php?rest_route=\/wp\/v2\/posts\/96778","targetHints":{"allow":["GET"]}}],"collection":[{"href":"https:\/\/www.fuldaernachrichten.de\/index.php?rest_route=\/wp\/v2\/posts"}],"about":[{"href":"https:\/\/www.fuldaernachrichten.de\/index.php?rest_route=\/wp\/v2\/types\/post"}],"author":[{"embeddable":true,"href":"https:\/\/www.fuldaernachrichten.de\/index.php?rest_route=\/wp\/v2\/users\/1"}],"replies":[{"embeddable":true,"href":"https:\/\/www.fuldaernachrichten.de\/index.php?rest_route=%2Fwp%2Fv2%2Fcomments&post=96778"}],"version-history":[{"count":0,"href":"https:\/\/www.fuldaernachrichten.de\/index.php?rest_route=\/wp\/v2\/posts\/96778\/revisions"}],"wp:attachment":[{"href":"https:\/\/www.fuldaernachrichten.de\/index.php?rest_route=%2Fwp%2Fv2%2Fmedia&parent=96778"}],"wp:term":[{"taxonomy":"category","embeddable":true,"href":"https:\/\/www.fuldaernachrichten.de\/index.php?rest_route=%2Fwp%2Fv2%2Fcategories&post=96778"},{"taxonomy":"post_tag","embeddable":true,"href":"https:\/\/www.fuldaernachrichten.de\/index.php?rest_route=%2Fwp%2Fv2%2Ftags&post=96778"}],"curies":[{"name":"wp","href":"https:\/\/api.w.org\/{rel}","templated":true}]}}