{"id":96768,"date":"2012-04-02T00:13:44","date_gmt":"2012-04-02T00:13:44","guid":{"rendered":"http:\/\/www.fuldaer-nachrichten.de\/?p=96768"},"modified":"2012-04-01T18:53:26","modified_gmt":"2012-04-01T18:53:26","slug":"jahreshauptversammlung-der-freiwilligen-feuerwehr-fulda-mitte-neue-wehrfuhrung-neue-jugendleitung-aktiver-verein","status":"publish","type":"post","link":"https:\/\/www.fuldaernachrichten.de\/?p=96768","title":{"rendered":"Jahreshauptversammlung der Freiwilligen Feuerwehr Fulda-Mitte: Neue Wehrf\u00fchrung, neue Jugendleitung, aktiver Verein"},"content":{"rendered":"<p><a href=\"http:\/\/www.fuldaer-nachrichten.de\/wp-content\/uploads\/2012\/04\/JHV-FFW-Fulda-Mitte.jpg\"><img decoding=\"async\" class=\"alignleft size-thumbnail wp-image-96769\" title=\"JHV FFW Fulda-Mitte\" src=\"http:\/\/www.fuldaer-nachrichten.de\/wp-content\/uploads\/2012\/04\/JHV-FFW-Fulda-Mitte-265x141.jpg\" alt=\"\" width=\"265\" height=\"141\" srcset=\"https:\/\/www.fuldaernachrichten.de\/wp-content\/uploads\/2012\/04\/JHV-FFW-Fulda-Mitte-265x141.jpg 265w, https:\/\/www.fuldaernachrichten.de\/wp-content\/uploads\/2012\/04\/JHV-FFW-Fulda-Mitte.jpg 600w\" sizes=\"(max-width: 265px) 100vw, 265px\" \/><\/a>Fulda (cp). Das Jahr 2011 war ergebnis- und erlebnisreich f\u00fcr die Freiwillige Feuerwehr Fulda-Mitte \u2013 ein arbeitsintensives Jahr, eine Umstrukturierung in der Einsatzabteilung und neue Vereinsangebote. Die Freiwillige Feuerwehr Fulda-Mitte wurde im vergangenen Jahr zu 157 Eins\u00e4tzen gerufen. Um diese zahlreichen aber auch vielseitigen Eins\u00e4tze bew\u00e4ltigen zu k\u00f6nnen, bedarf es einer guten und qualitativen Ausbildung. Diese wurde im vergangenen Jahr mit 5.171 Stunden ehrenamtlich betrieben. Hinzu kommen die Brandsicherheitswachen, wobei im Rahmen des Brandsicherheitsdienstes das Kultur- und Kongresszentrum \u201eEsperanto\u201c weiterhin den Schwerpunkt bildet. <!--more--><\/p>\n<p>99 Veranstaltungen von der Modenschau bis zu dem im vergangenen Jahr f\u00fcr Fulda als Magnet wirkenden Musical \u201eDie P\u00e4pstin\u201c im Schlosstheater wurden von den Mitgliedern der Einsatzabteilung abgesichert. \u201eDies bedeutet eine Steigerung um 68 Prozent und hat hiermit aus unserer Sicht die zeitliche Belastungsgrenze f\u00fcr die ehrenamtliche Abteilung erreicht\u201c, so Wehrf\u00fchrer Kramer in seiner Rede.<\/p>\n<p><strong>Dank und eine neue F\u00fchrung<\/strong><\/p>\n<p>F\u00fcr dieses Engagement und die gute Kooperation bedankte sich Oberb\u00fcrgermeister Gerhard M\u00f6ller. Auch der Leiter der Feuerwehr Fulda, Brandoberrat Thomas Hinz, lobte das Engagement der ehrenamtlichen Mitglieder, das den B\u00fcrgern der Stadt Fulda zugutekomme und blickte zufrieden auf die geleistete Arbeit des vergangenen Jahres. Aufgrund der notwendigen Umstrukturierung der Freiwilligen Feuerwehr Fulda-Mitte von drei Alarmschleifen auf zwei Alarmz\u00fcge wurden au\u00dfer der Wehrf\u00fchrung auch neue Zugf\u00fchrer gew\u00e4hlt. Die Einsatzabteilung sowie der Verein bedankten sich bei Hans Joachim Kramer f\u00fcr seine geleistete Arbeit als Wehrf\u00fchrer, der sich nach f\u00fcnf Jahren erfolgreicher Arbeit nicht mehr zur Wahl stellte. Nach den Wahlen setzt sich die Wehrf\u00fchrung der Freiwilligen Feuerwehr Fulda-Mitte wie folgt zusammen: Wehrf\u00fchrer ist Patrick Weber, Stellvertreter ist Markus Wetter, Zugf\u00fchrer 1. Alarmzug ist Stefan Baumbach und Zugf\u00fchrer 2. Alarmzug ist Michael Hillenbrand. Hans-Joachim Wolf wurde als Leiter des Spielmannszuges best\u00e4tigt.<\/p>\n<p><strong>Mit der Jugend zum Ziel<\/strong><\/p>\n<p>Auch die Leitung der\u00c2\u00a0 Jugendfeuerwehr wurde neu gew\u00e4hlt. Mit einem weinenden Auge \u2013 nach zehnj\u00e4hriger Amtszeit, aber auch mit einem freudigen Auge \u2013 im Hinblick auf neue verantwortungsvolle Aufgaben \u2013 wurden die Jugendfeuerwehrwarte Markus Wetter und Manuel Uhl aus ihrem Amt verabschiedet. Zu neuen Jugendfeuerwehrwarten wurden\u00c2\u00a0 Jens Larbig und sein Stellvertreter Etienne Th\u00f6nni\u00dfen gew\u00e4hlt. Die Jugendfeuerwehr mit ihrem Ausbilderteam, die Einsatzabteilung und der Verein bedankten sich bei Markus Wetter und Manuel Uhl f\u00fcr Leistung, die sie in den vergangenen zehn Jahren erbracht haben, die die nicht selbstverst\u00e4ndlich ist. Denn sie f\u00fchrten die Jugendlichen nicht nur mit Disziplin und Ordnung, sondern auch mit Spiel und Spa\u00df an den aktiven Einsatzdienst heran. So wurde aus manch einer trockenen \u00dcbung ein feucht fr\u00f6hliches Erlebnis. Aber auch zahlreiche, mit Erfolg absolvierte Leistungsspangen zeugen von der fundierten Ausbildung.<\/p>\n<p>\u201eAktiv im Verein\u201c<\/p>\n<p>Der Vorsitzende Rolf Hillenbrand berichtete unter dem Motto \u201eVerein aktiv \u2013 Aktiv im Verein\u201c zum Jahr 2011 sowie zum laufenden Jahr 2012. Nicht nur durch den mittlerweile zur Tradition gewordenen Challenge-Lauf, an dem die Mitglieder zahlreich teilnahmen, sondern auch durch den Kappenabend, das Herbstfest mit Unterhaltungsmusik, den traditionellen Ausflug \u201eAlte Herren\u201c mit seinen \u00dcberraschungszielen wurde Jung und Alt Neues und Bew\u00e4hrtes geboten. Au\u00dferdem feierten die Mitglieder auch den 50. Ged\u00e4chtnisgottesdienst mit einem anschlie\u00dfenden Gabelfr\u00fchst\u00fcck. Im Jahr 2013 steht ein gro\u00dfes Jubil\u00e4um an: 150 Jahre Feuerwehr Fulda. Au\u00dferdem gab es Neuwahlen im Verein und so wurde Thomas Licht zum 2. Stellvertretenden Vorsitzenden gew\u00e4hlt. Vertreter f\u00fcr die zwei Z\u00fcge auf Vereinsebene wurden Horst-J\u00fcrgen Bellof und Sebastian Niebling.<\/p>\n<p><strong>Bef\u00f6rderungen und Ehrungen<\/strong><\/p>\n<p>Auch dieses Jahr standen erworbene Bef\u00f6rderungen und verdiente Ehrungen f\u00fcr langj\u00e4hrige Mitgliedschaft an. So wurde, Philipp Knorn zum Feuerwehrmann, Karsten Krug zum Oberfeuerwehrmann, Thomas Licht zum Hauptfeuerwehrmann und Markus Wetter zum Brandmeister bef\u00f6rdert. F\u00fcr langj\u00e4hrige Mitgliedschaft und besondere zus\u00e4tzliche T\u00e4tigkeiten wurde Bernd Gottschalk f\u00fcr 25 Jahre aktive und Vereinsmitgliedschaft, Rainer Knorn f\u00fcr 40 Jahre aktive und Vereinsmitgliedschaft sowie seiner verantwortlichen und zeitintensiven T\u00e4tigkeit f\u00fcr die Maschinisten Fortbildung, Karl Martin M\u00fcller und Christoph Uhl f\u00fcr 40 Jahre Vereinsmitgliedschaft, Kurt M\u00fcllers f\u00fcr 50 Jahre Vereinsmitgliedschaft und seiner Funktion als Stabf\u00fchrer im Spielmannszug und G\u00fcnther Abel f\u00fcr 60 Jahre Vereinsmitgliedschaft geehrt.<\/p>\n","protected":false},"excerpt":{"rendered":"<div class=\"tmnf_excerpt\"><p>Fulda (cp). Das Jahr 2011 war ergebnis- und erlebnisreich f\u00fcr die Freiwillige Feuerwehr Fulda-Mitte \u2013 ein arbeitsintensives Jahr, eine Umstrukturierung in der Einsatzabteilung und neue Vereinsangebote. Die Freiwillige Feuerwehr Fulda-Mitte wurde im vergangenen Jahr zu 157 Eins\u00e4tzen gerufen. Um diese zahlreichen aber auch vielseitigen Eins\u00e4tze bew\u00e4ltigen zu k\u00f6nnen, bedarf es einer guten und qualitativen Ausbildung. &hellip;<\/p>\n<\/div>","protected":false},"author":1,"featured_media":0,"comment_status":"closed","ping_status":"closed","sticky":false,"template":"","format":"standard","meta":{"footnotes":""},"categories":[1,71],"tags":[],"class_list":["post-96768","post","type-post","status-publish","format-standard","hentry","category-startseite","category-feuerwehr"],"_links":{"self":[{"href":"https:\/\/www.fuldaernachrichten.de\/index.php?rest_route=\/wp\/v2\/posts\/96768","targetHints":{"allow":["GET"]}}],"collection":[{"href":"https:\/\/www.fuldaernachrichten.de\/index.php?rest_route=\/wp\/v2\/posts"}],"about":[{"href":"https:\/\/www.fuldaernachrichten.de\/index.php?rest_route=\/wp\/v2\/types\/post"}],"author":[{"embeddable":true,"href":"https:\/\/www.fuldaernachrichten.de\/index.php?rest_route=\/wp\/v2\/users\/1"}],"replies":[{"embeddable":true,"href":"https:\/\/www.fuldaernachrichten.de\/index.php?rest_route=%2Fwp%2Fv2%2Fcomments&post=96768"}],"version-history":[{"count":0,"href":"https:\/\/www.fuldaernachrichten.de\/index.php?rest_route=\/wp\/v2\/posts\/96768\/revisions"}],"wp:attachment":[{"href":"https:\/\/www.fuldaernachrichten.de\/index.php?rest_route=%2Fwp%2Fv2%2Fmedia&parent=96768"}],"wp:term":[{"taxonomy":"category","embeddable":true,"href":"https:\/\/www.fuldaernachrichten.de\/index.php?rest_route=%2Fwp%2Fv2%2Fcategories&post=96768"},{"taxonomy":"post_tag","embeddable":true,"href":"https:\/\/www.fuldaernachrichten.de\/index.php?rest_route=%2Fwp%2Fv2%2Ftags&post=96768"}],"curies":[{"name":"wp","href":"https:\/\/api.w.org\/{rel}","templated":true}]}}