{"id":96767,"date":"2012-04-01T00:51:02","date_gmt":"2012-04-01T00:51:02","guid":{"rendered":"http:\/\/www.fuldaer-nachrichten.de\/?p=96767"},"modified":"2012-04-01T18:51:28","modified_gmt":"2012-04-01T18:51:28","slug":"amt-fur-arbeit-und-soziales-wird-zum-kreisjobcenter","status":"publish","type":"post","link":"https:\/\/www.fuldaernachrichten.de\/?p=96767","title":{"rendered":"Amt f\u00fcr Arbeit und Soziales wird zum \u201eKreisjobcenter\u201c"},"content":{"rendered":"<p>Fulda. Das Amt f\u00fcr Arbeit und Soziales des Landkreises Fulda in der Robert-Kircher-Stra\u00dfe tr\u00e4gt ab sofort die Bezeichnung \u201eKreisjobcenter\u201c. Mit der Umbenennung wird einer verbindlichen landesgesetzlichen Vorgabe Rechnung entsprochen, die das Ziel hat, f\u00fcr ganz Hessen ein einheitliches und dauerhaftes Identit\u00e4ts- und Erkennungsmerkmal zu etablieren. Zudem soll auf die Erfolge bei der Betreuung und Vermittlung von Langzeitarbeitslosen in alleiniger Tr\u00e4gerschaft durch die Kommunen aufmerksam gemacht werden.<\/p>\n<p>&nbsp;<\/p>\n","protected":false},"excerpt":{"rendered":"<div class=\"tmnf_excerpt\"><p>Fulda. Das Amt f\u00fcr Arbeit und Soziales des Landkreises Fulda in der Robert-Kircher-Stra\u00dfe tr\u00e4gt ab sofort die Bezeichnung \u201eKreisjobcenter\u201c. Mit der Umbenennung wird einer verbindlichen landesgesetzlichen Vorgabe Rechnung entsprochen, die das Ziel hat, f\u00fcr ganz Hessen ein einheitliches und dauerhaftes Identit\u00e4ts- und Erkennungsmerkmal zu etablieren. Zudem soll auf die Erfolge bei der Betreuung und Vermittlung &hellip;<\/p>\n<\/div>","protected":false},"author":1,"featured_media":0,"comment_status":"closed","ping_status":"closed","sticky":false,"template":"","format":"standard","meta":{"footnotes":""},"categories":[1],"tags":[],"class_list":["post-96767","post","type-post","status-publish","format-standard","hentry","category-startseite"],"_links":{"self":[{"href":"https:\/\/www.fuldaernachrichten.de\/index.php?rest_route=\/wp\/v2\/posts\/96767","targetHints":{"allow":["GET"]}}],"collection":[{"href":"https:\/\/www.fuldaernachrichten.de\/index.php?rest_route=\/wp\/v2\/posts"}],"about":[{"href":"https:\/\/www.fuldaernachrichten.de\/index.php?rest_route=\/wp\/v2\/types\/post"}],"author":[{"embeddable":true,"href":"https:\/\/www.fuldaernachrichten.de\/index.php?rest_route=\/wp\/v2\/users\/1"}],"replies":[{"embeddable":true,"href":"https:\/\/www.fuldaernachrichten.de\/index.php?rest_route=%2Fwp%2Fv2%2Fcomments&post=96767"}],"version-history":[{"count":0,"href":"https:\/\/www.fuldaernachrichten.de\/index.php?rest_route=\/wp\/v2\/posts\/96767\/revisions"}],"wp:attachment":[{"href":"https:\/\/www.fuldaernachrichten.de\/index.php?rest_route=%2Fwp%2Fv2%2Fmedia&parent=96767"}],"wp:term":[{"taxonomy":"category","embeddable":true,"href":"https:\/\/www.fuldaernachrichten.de\/index.php?rest_route=%2Fwp%2Fv2%2Fcategories&post=96767"},{"taxonomy":"post_tag","embeddable":true,"href":"https:\/\/www.fuldaernachrichten.de\/index.php?rest_route=%2Fwp%2Fv2%2Ftags&post=96767"}],"curies":[{"name":"wp","href":"https:\/\/api.w.org\/{rel}","templated":true}]}}