{"id":96766,"date":"2012-04-02T00:10:19","date_gmt":"2012-04-02T00:10:19","guid":{"rendered":"http:\/\/www.fuldaer-nachrichten.de\/?p=96766"},"modified":"2012-04-01T18:50:53","modified_gmt":"2012-04-01T18:50:53","slug":"350-langzeitarbeitslose-informieren-sich-auf-zeitarbeitsmesse-des-landkreises","status":"publish","type":"post","link":"https:\/\/www.fuldaernachrichten.de\/?p=96766","title":{"rendered":"350 Langzeitarbeitslose informieren sich auf Zeitarbeitsmesse des Landkreises"},"content":{"rendered":"<p>Fulda. Zum f\u00fcnften Mal veranstaltete das Amt f\u00fcr Arbeit und Soziales des Landkreises Fulda, das ab sofort unter der Bezeichnung \u201eKreisjobcenter\u201c firmiert, eine Zeitarbeitsmesse. Ziel war es, arbeitsmarktnahe Bezieher von Arbeitslosengeld II mit Zeitarbeitsfirmen aus der Region zusammenzubringen. 350 Langzeitarbeitslose und 15 Firmen nutzten die M\u00f6glichkeit zum Kennenlernen und Austausch.<!--more--><\/p>\n<p>Idealerweise sollen durch den Messebesuch sozialversicherungspflichtige Besch\u00e4ftigungsverh\u00e4ltnisse begr\u00fcndet werden. In den vergangenen vier Jahren nahmen aufgrund ihrer Teilnahme an der Zeitarbeitsmesse 160 Personen eine Arbeit auf, weshalb Landrat Bernd Woide und Fachbereichsleiter J\u00fcrgen Stock von einer wichtigen Plattform sprachen, um pers\u00f6nliche Kontakte zu kn\u00fcpfen. Auf der einen Seite biete Zeitarbeit die Chance auf einen beruflichen Wiedereinstieg, auf der anderen Seite k\u00f6nnten zus\u00e4tzliche Fachkr\u00e4fte f\u00fcr die heimische Wirtschaft gewonnen werden.<\/p>\n<p>Nach den Worten von Landrat Woide habe sich der Name, aber nicht die Aufgabe des Kreisjobcenters ge\u00e4ndert, Arbeitssuchenden die Aufnahme einer Besch\u00e4ftigung zu erm\u00f6glichen. Ein besonderer Dank f\u00fcr die Organisation der Zeitarbeitsmesse galt Fachdienstleiter Ulrich Nesemann und Sachgebietsleiter Markus Vogt mit ihren Teams.<\/p>\n<p>&nbsp;<\/p>\n","protected":false},"excerpt":{"rendered":"<div class=\"tmnf_excerpt\"><p>Fulda. Zum f\u00fcnften Mal veranstaltete das Amt f\u00fcr Arbeit und Soziales des Landkreises Fulda, das ab sofort unter der Bezeichnung \u201eKreisjobcenter\u201c firmiert, eine Zeitarbeitsmesse. Ziel war es, arbeitsmarktnahe Bezieher von Arbeitslosengeld II mit Zeitarbeitsfirmen aus der Region zusammenzubringen. 350 Langzeitarbeitslose und 15 Firmen nutzten die M\u00f6glichkeit zum Kennenlernen und Austausch.<\/p>\n<\/div>","protected":false},"author":1,"featured_media":0,"comment_status":"closed","ping_status":"closed","sticky":false,"template":"","format":"standard","meta":{"footnotes":""},"categories":[1,53],"tags":[],"class_list":["post-96766","post","type-post","status-publish","format-standard","hentry","category-startseite","category-bildung"],"_links":{"self":[{"href":"https:\/\/www.fuldaernachrichten.de\/index.php?rest_route=\/wp\/v2\/posts\/96766","targetHints":{"allow":["GET"]}}],"collection":[{"href":"https:\/\/www.fuldaernachrichten.de\/index.php?rest_route=\/wp\/v2\/posts"}],"about":[{"href":"https:\/\/www.fuldaernachrichten.de\/index.php?rest_route=\/wp\/v2\/types\/post"}],"author":[{"embeddable":true,"href":"https:\/\/www.fuldaernachrichten.de\/index.php?rest_route=\/wp\/v2\/users\/1"}],"replies":[{"embeddable":true,"href":"https:\/\/www.fuldaernachrichten.de\/index.php?rest_route=%2Fwp%2Fv2%2Fcomments&post=96766"}],"version-history":[{"count":0,"href":"https:\/\/www.fuldaernachrichten.de\/index.php?rest_route=\/wp\/v2\/posts\/96766\/revisions"}],"wp:attachment":[{"href":"https:\/\/www.fuldaernachrichten.de\/index.php?rest_route=%2Fwp%2Fv2%2Fmedia&parent=96766"}],"wp:term":[{"taxonomy":"category","embeddable":true,"href":"https:\/\/www.fuldaernachrichten.de\/index.php?rest_route=%2Fwp%2Fv2%2Fcategories&post=96766"},{"taxonomy":"post_tag","embeddable":true,"href":"https:\/\/www.fuldaernachrichten.de\/index.php?rest_route=%2Fwp%2Fv2%2Ftags&post=96766"}],"curies":[{"name":"wp","href":"https:\/\/api.w.org\/{rel}","templated":true}]}}