{"id":96765,"date":"2012-04-02T00:09:28","date_gmt":"2012-04-02T00:09:28","guid":{"rendered":"http:\/\/www.fuldaer-nachrichten.de\/?p=96765"},"modified":"2012-04-01T18:50:06","modified_gmt":"2012-04-01T18:50:06","slug":"girls-boysday-2012-stadtverwaltung-offnet-ihre-tore","status":"publish","type":"post","link":"https:\/\/www.fuldaernachrichten.de\/?p=96765","title":{"rendered":"Girls&#8217; &#038; Boys&#8217;Day 2012: Stadtverwaltung \u00f6ffnet ihre Tore"},"content":{"rendered":"<p>Fulda (cp). Auch in diesem Jahr findet der Girls&#8217; &amp; Boys&#8217;Day wieder bei der Stadtverwaltung Fulda statt und diese \u00f6ffnet am 26. April 2012 im Stadtschloss sowie in einigen Au\u00dfenstellen wieder ihre Tore. Begr\u00fc\u00dft werden die Girls und Boys des Stadtschlosses durch Oberb\u00fcrgermeister Gerhard M\u00f6ller. <!--more--><\/p>\n<p>Die Auszubildenden der Stadtverwaltung werden diesen Tag mitgestalten, indem sie die Stadtverwaltung mit deren Ausbildungsberufen vorstellen. Im Anschluss werden die Girls und Boys in die zugeteilten \u00c4mter gebracht. Die Au\u00dfenstellen werden den Tagesablauf selbst individuell gestalten und dort gibt es auch noch einige spannende und interessante Aufgabenfelder zu entdecken.<\/p>\n<p><strong>Freie Pl\u00e4tze und Anmeldung<\/strong><\/p>\n<p>F\u00fcr die Girls, die interessiert sind, einen Blick in die eher \u201em\u00e4nnlichen Berufe\u201c (z. B. EDV, Stadtplanung, Betriebsamt) und die Boys in die eher \u201eweiblichen Berufe\u201c (z. B. Kinderg\u00e4rten) zu werfen, gibt es jeweils noch ein paar freie Pl\u00e4tze in der Stadtverwaltung zu ergattern. F\u00fcr Anmeldungen und weitere Informationen k\u00f6nnen Sie sich gerne unter der Telefonnummer 0661\/102-1042 melden.<\/p>\n","protected":false},"excerpt":{"rendered":"<div class=\"tmnf_excerpt\"><p>Fulda (cp). Auch in diesem Jahr findet der Girls&#8217; &amp; Boys&#8217;Day wieder bei der Stadtverwaltung Fulda statt und diese \u00f6ffnet am 26. April 2012 im Stadtschloss sowie in einigen Au\u00dfenstellen wieder ihre Tore. Begr\u00fc\u00dft werden die Girls und Boys des Stadtschlosses durch Oberb\u00fcrgermeister Gerhard M\u00f6ller.<\/p>\n<\/div>","protected":false},"author":1,"featured_media":0,"comment_status":"closed","ping_status":"closed","sticky":false,"template":"","format":"standard","meta":{"footnotes":""},"categories":[1],"tags":[],"class_list":["post-96765","post","type-post","status-publish","format-standard","hentry","category-startseite"],"_links":{"self":[{"href":"https:\/\/www.fuldaernachrichten.de\/index.php?rest_route=\/wp\/v2\/posts\/96765","targetHints":{"allow":["GET"]}}],"collection":[{"href":"https:\/\/www.fuldaernachrichten.de\/index.php?rest_route=\/wp\/v2\/posts"}],"about":[{"href":"https:\/\/www.fuldaernachrichten.de\/index.php?rest_route=\/wp\/v2\/types\/post"}],"author":[{"embeddable":true,"href":"https:\/\/www.fuldaernachrichten.de\/index.php?rest_route=\/wp\/v2\/users\/1"}],"replies":[{"embeddable":true,"href":"https:\/\/www.fuldaernachrichten.de\/index.php?rest_route=%2Fwp%2Fv2%2Fcomments&post=96765"}],"version-history":[{"count":0,"href":"https:\/\/www.fuldaernachrichten.de\/index.php?rest_route=\/wp\/v2\/posts\/96765\/revisions"}],"wp:attachment":[{"href":"https:\/\/www.fuldaernachrichten.de\/index.php?rest_route=%2Fwp%2Fv2%2Fmedia&parent=96765"}],"wp:term":[{"taxonomy":"category","embeddable":true,"href":"https:\/\/www.fuldaernachrichten.de\/index.php?rest_route=%2Fwp%2Fv2%2Fcategories&post=96765"},{"taxonomy":"post_tag","embeddable":true,"href":"https:\/\/www.fuldaernachrichten.de\/index.php?rest_route=%2Fwp%2Fv2%2Ftags&post=96765"}],"curies":[{"name":"wp","href":"https:\/\/api.w.org\/{rel}","templated":true}]}}